{"id":1589,"date":"2019-07-18T17:02:34","date_gmt":"2019-07-18T17:02:34","guid":{"rendered":"https:\/\/www.elcolmado.de\/?p=1589"},"modified":"2019-07-23T15:29:18","modified_gmt":"2019-07-23T15:29:18","slug":"desayuno-espanol-arranca-el-dia-de-la-mejor-manera-con-un-buen-desayuno-en-el-centro-de-berlin","status":"publish","type":"post","link":"https:\/\/www.elcolmado.de\/es\/desayuno-espanol-arranca-el-dia-de-la-mejor-manera-con-un-buen-desayuno-en-el-centro-de-berlin\/","title":{"rendered":"Desayunos mediterr\u00e1neos: La mejor manera de empezar el d\u00eda"},"content":{"rendered":"<p>Los primeros rayos de sol se cuelan entre las rendijas de las persianas, al otro lado se levanta Berl\u00edn con hambre de un nuevo d\u00eda. Entonces te pones a pensar en qu\u00e9 hacer para que este viaje no se te quede peque\u00f1o porque llegaste con ganas de comerte el mundo. Y justo en ese instante, aparecen los rugidos de tu est\u00f3mago acompa\u00f1ando la saludable idea de cumplir el objetivo de hacer del desayuno la comida m\u00e1s importante del d\u00eda. Nosotros somos El Colmado, no precisamos m\u00e1s presentaci\u00f3n que la excelsa elaboraci\u00f3n de nuestros platos. Pero por si aun no has tenido esa suerte, nosotros la buscamos para conocerte. <strong>No hay ninguna duda de que somos el mejor <a href=\"https:\/\/www.elcolmado.de\/es\/\">Restaurante Espa\u00f1ol en Berl\u00edn <\/a>desde nuestra apertura a las 08:30, ofreciendo nuestros apetitosos desayunos mediterr\u00e1neos, hasta que se baja el tel\u00f3n con todos los paladares tan agradecidos como nosotros con su visita.<\/strong><\/p>\n<p>&nbsp;<\/p>\n<h2>DESAYUNOS MEDITERR\u00c1NEOS<\/h2>\n<p>&nbsp;<\/p>\n<p>Qu\u00e9 lejos parece estar esa Europa del Sur con sus grados de m\u00e1s, aunque no la echemos de menos. Y, es que, si algo logramos en El Colmado, como gran <strong>Restaurante Espa\u00f1ol en Berl\u00edn<\/strong>, es ofrecerte la posibilidad de transportarte en el tiempo o la distancia para que puedas deleitarte de los mejores productos espa\u00f1oles en el coraz\u00f3n de la capital alemana. Para ello, es preferible empezar por el principio para un buen comienzo. Ofrecemos unos sabrosos <strong>desayunos mediterr\u00e1neos<\/strong> con los que tendr\u00e1s ganas de volver a empezar el d\u00eda cuando tengas hambre otra vez. Nuestros <strong>desayunos mediterr\u00e1neos<\/strong> est\u00e1n completamente equilibrados. Con el aporte energ\u00e9tico y los nutrientes necesarios para hacer de las calles de Berl\u00edn un corto paseo para volvernos a visitar. Te prometemos dejarte con la miel en los labios y atraparte de buena ma\u00f1ana todo el d\u00eda.<\/p>\n<p>&nbsp;<\/p>\n<h2>LOS PRODUCTOS M\u00c1S DELICIOSOS PARA EMPEZAR EL D\u00cdA<\/h2>\n<p>&nbsp;<\/p>\n<p>Las especialidades de nuestro insuperable <strong>Restaurante Espa\u00f1ol en Berl\u00edn <\/strong>son variadas.Tenemos la capacidad de enamorarte en varios momentos del d\u00eda. Sin embargo, no somos nosotros quienes disparamos la flecha de cupido sobre ti cuando pruebes nuestros alimentos. Eres t\u00fa quien va a dejarse llevar, deleit\u00e1ndose de la multitud de posibilidades que puedes tener a mano para que todo salga a pedir de boca. Los <strong>desayunos mediterr\u00e1neos<\/strong> que te proponemos son de m\u00faltiples sabores, texturas y aromas. Desde nuestro pan con tomate, recordando la cultura gastron\u00f3mica catalana. Hasta los suculentos ib\u00e9ricos criados por esas ricas praderas espa\u00f1olas. Quiz\u00e1 una breve selecci\u00f3n de quesos con la que esperar ese caf\u00e9 que te ponga las pilas para devorarte Berl\u00edn. Las posibilidades son diversas, aunque todas ellas de un gusto sublime. Pero como dijimos al principio, nosotros no disparamos la flecha as\u00ed que t\u00fa eliges con qu\u00e9 te enamorar\u00e1s en el inolvidable <strong>Restaurante Espa\u00f1ol de Berl\u00edn<\/strong> que aguarda el secreto de los mejores <strong>desayunos mediterr\u00e1neos<\/strong> jam\u00e1s contados.<\/p>\n<p>&nbsp;<\/p>\n<h3>SI TE HA GUSTADO ESTE POST SOBRE \u00abDESAYUNO ESPA\u00d1OL: ARRANCA EL D\u00cdA DE LA MEJOR MANERA CON UN BUEN DESAYUNO EN EL CENTRO DE BERL\u00cdN\u00bb, SEGURAMENTE TE INTERESAR\u00c1\u2026<\/h3>\n<ul>\n<li class=\"entry_title\"><a title=\"\u00bfConoces las tapas espa\u00f1olas m\u00e1s populares?\" href=\"https:\/\/www.elcolmado.de\/es\/conoces-las-tapas-espanolas-mas-populares\/\" target=\"_self\" rel=\"noopener noreferrer\">\u00bfConoces las tapas espa\u00f1olas m\u00e1s populares?<\/a><\/li>\n<li class=\"entry_title\"><a title=\"La magia de los Restaurantes Espa\u00f1oles\" href=\"https:\/\/www.elcolmado.de\/es\/la-magia-de-los-restaurantes-espanoles\/\" target=\"_self\" rel=\"noopener noreferrer\">La magia de los Restaurantes Espa\u00f1oles<\/a><\/li>\n<\/ul>\n","protected":false},"excerpt":{"rendered":"<p>Los primeros rayos de sol se cuelan entre las rendijas de las persianas, al otro lado se levanta Berl\u00edn con hambre de un nuevo d\u00eda. Entonces te pones a pensar en qu\u00e9 hacer para que este viaje no se te quede peque\u00f1o porque llegaste con&#8230;<\/p>\n","protected":false},"author":2,"featured_media":1602,"comment_status":"open","ping_status":"open","sticky":false,"template":"","format":"standard","meta":{"footnotes":""},"categories":[12],"tags":[13,52,47,15],"class_list":["post-1589","post","type-post","status-publish","format-standard","has-post-thumbnail","hentry","category-el-colmado-es","tag-bar-de-tapas-en-berlin","tag-desayunos-mediterraneos","tag-el-colmado-es","tag-restaurante-espanol"],"yoast_head":"<!-- This site is optimized with the Yoast SEO plugin v27.5 - https:\/\/yoast.com\/product\/yoast-seo-wordpress\/ -->\n<title>Desayuno espa\u00f1ol: Arranca el d\u00eda de la mejor manera con un buen desayuno en el centro de Berl\u00edn| El Colmado<\/title>\n<meta name=\"description\" content=\"No hay ninguna duda de que somos el mejor Restaurante Espa\u00f1ol en Berl\u00edn desde nuestra apertura a las 08:30, ofreciendo nuestroo desayuno espa\u00f1ol..\" \/>\n<meta name=\"robots\" content=\"index, follow, max-snippet:-1, max-image-preview:large, max-video-preview:-1\" \/>\n<link rel=\"canonical\" href=\"https:\/\/www.elcolmado.de\/es\/desayuno-espanol-arranca-el-dia-de-la-mejor-manera-con-un-buen-desayuno-en-el-centro-de-berlin\/\" \/>\n<meta property=\"og:locale\" content=\"es_ES\" \/>\n<meta property=\"og:type\" content=\"article\" \/>\n<meta property=\"og:title\" content=\"Desayuno espa\u00f1ol: Arranca el d\u00eda de la mejor manera con un buen desayuno en el centro de Berl\u00edn| El Colmado\" \/>\n<meta property=\"og:description\" content=\"No hay ninguna duda de que somos el mejor Restaurante Espa\u00f1ol en Berl\u00edn desde nuestra apertura a las 08:30, ofreciendo nuestroo desayuno espa\u00f1ol..\" \/>\n<meta property=\"og:url\" content=\"https:\/\/www.elcolmado.de\/es\/desayuno-espanol-arranca-el-dia-de-la-mejor-manera-con-un-buen-desayuno-en-el-centro-de-berlin\/\" \/>\n<meta property=\"og:site_name\" content=\"elcolmado.de\" \/>\n<meta property=\"article:published_time\" content=\"2019-07-18T17:02:34+00:00\" \/>\n<meta property=\"article:modified_time\" content=\"2019-07-23T15:29:18+00:00\" \/>\n<meta property=\"og:image\" content=\"https:\/\/www.elcolmado.de\/wp-content\/uploads\/2019\/07\/Desayuno-espanol-arranca-el-dia-de-la-mejor-manera-con-un-buen-desayuno-en-el-centro-de-Berlin-3.jpg\" \/>\n\t<meta property=\"og:image:width\" content=\"1000\" \/>\n\t<meta property=\"og:image:height\" content=\"667\" \/>\n\t<meta property=\"og:image:type\" content=\"image\/jpeg\" \/>\n<meta name=\"author\" content=\"Fernando Mart\u00edn\" \/>\n<meta name=\"twitter:card\" content=\"summary_large_image\" \/>\n<meta name=\"twitter:label1\" content=\"Escrito por\" \/>\n\t<meta name=\"twitter:data1\" content=\"Fernando Mart\u00edn\" \/>\n\t<meta name=\"twitter:label2\" content=\"Tiempo de lectura\" \/>\n\t<meta name=\"twitter:data2\" content=\"3 minutos\" \/>\n<script type=\"application\/ld+json\" class=\"yoast-schema-graph\">{\"@context\":\"https:\\\/\\\/schema.org\",\"@graph\":[{\"@type\":\"Article\",\"@id\":\"https:\\\/\\\/www.elcolmado.de\\\/es\\\/desayuno-espanol-arranca-el-dia-de-la-mejor-manera-con-un-buen-desayuno-en-el-centro-de-berlin\\\/#article\",\"isPartOf\":{\"@id\":\"https:\\\/\\\/www.elcolmado.de\\\/es\\\/desayuno-espanol-arranca-el-dia-de-la-mejor-manera-con-un-buen-desayuno-en-el-centro-de-berlin\\\/\"},\"author\":{\"name\":\"Fernando Mart\u00edn\",\"@id\":\"https:\\\/\\\/www.elcolmado.de\\\/#\\\/schema\\\/person\\\/10a4657c35ed10b2a0dc5ccaed3a5e6b\"},\"headline\":\"Desayunos mediterr\u00e1neos: La mejor manera de empezar el d\u00eda\",\"datePublished\":\"2019-07-18T17:02:34+00:00\",\"dateModified\":\"2019-07-23T15:29:18+00:00\",\"mainEntityOfPage\":{\"@id\":\"https:\\\/\\\/www.elcolmado.de\\\/es\\\/desayuno-espanol-arranca-el-dia-de-la-mejor-manera-con-un-buen-desayuno-en-el-centro-de-berlin\\\/\"},\"wordCount\":571,\"commentCount\":0,\"image\":{\"@id\":\"https:\\\/\\\/www.elcolmado.de\\\/es\\\/desayuno-espanol-arranca-el-dia-de-la-mejor-manera-con-un-buen-desayuno-en-el-centro-de-berlin\\\/#primaryimage\"},\"thumbnailUrl\":\"https:\\\/\\\/www.elcolmado.de\\\/wp-content\\\/uploads\\\/2019\\\/07\\\/Desayuno-espanol-arranca-el-dia-de-la-mejor-manera-con-un-buen-desayuno-en-el-centro-de-Berlin-3.jpg\",\"keywords\":[\"Bar de Tapas en Berl\u00edn\",\"Desayunos Mediterr\u00e1neos\",\"El Colmado\",\"Restaurante Espa\u00f1ol\"],\"articleSection\":[\"El Colmado - ES\"],\"inLanguage\":\"es\",\"potentialAction\":[{\"@type\":\"CommentAction\",\"name\":\"Comment\",\"target\":[\"https:\\\/\\\/www.elcolmado.de\\\/es\\\/desayuno-espanol-arranca-el-dia-de-la-mejor-manera-con-un-buen-desayuno-en-el-centro-de-berlin\\\/#respond\"]}]},{\"@type\":\"WebPage\",\"@id\":\"https:\\\/\\\/www.elcolmado.de\\\/es\\\/desayuno-espanol-arranca-el-dia-de-la-mejor-manera-con-un-buen-desayuno-en-el-centro-de-berlin\\\/\",\"url\":\"https:\\\/\\\/www.elcolmado.de\\\/es\\\/desayuno-espanol-arranca-el-dia-de-la-mejor-manera-con-un-buen-desayuno-en-el-centro-de-berlin\\\/\",\"name\":\"Desayuno espa\u00f1ol: Arranca el d\u00eda de la mejor manera con un buen desayuno en el centro de Berl\u00edn| El Colmado\",\"isPartOf\":{\"@id\":\"https:\\\/\\\/www.elcolmado.de\\\/#website\"},\"primaryImageOfPage\":{\"@id\":\"https:\\\/\\\/www.elcolmado.de\\\/es\\\/desayuno-espanol-arranca-el-dia-de-la-mejor-manera-con-un-buen-desayuno-en-el-centro-de-berlin\\\/#primaryimage\"},\"image\":{\"@id\":\"https:\\\/\\\/www.elcolmado.de\\\/es\\\/desayuno-espanol-arranca-el-dia-de-la-mejor-manera-con-un-buen-desayuno-en-el-centro-de-berlin\\\/#primaryimage\"},\"thumbnailUrl\":\"https:\\\/\\\/www.elcolmado.de\\\/wp-content\\\/uploads\\\/2019\\\/07\\\/Desayuno-espanol-arranca-el-dia-de-la-mejor-manera-con-un-buen-desayuno-en-el-centro-de-Berlin-3.jpg\",\"datePublished\":\"2019-07-18T17:02:34+00:00\",\"dateModified\":\"2019-07-23T15:29:18+00:00\",\"author\":{\"@id\":\"https:\\\/\\\/www.elcolmado.de\\\/#\\\/schema\\\/person\\\/10a4657c35ed10b2a0dc5ccaed3a5e6b\"},\"description\":\"No hay ninguna duda de que somos el mejor Restaurante Espa\u00f1ol en Berl\u00edn desde nuestra apertura a las 08:30, ofreciendo nuestroo desayuno espa\u00f1ol..\",\"breadcrumb\":{\"@id\":\"https:\\\/\\\/www.elcolmado.de\\\/es\\\/desayuno-espanol-arranca-el-dia-de-la-mejor-manera-con-un-buen-desayuno-en-el-centro-de-berlin\\\/#breadcrumb\"},\"inLanguage\":\"es\",\"potentialAction\":[{\"@type\":\"ReadAction\",\"target\":[\"https:\\\/\\\/www.elcolmado.de\\\/es\\\/desayuno-espanol-arranca-el-dia-de-la-mejor-manera-con-un-buen-desayuno-en-el-centro-de-berlin\\\/\"]}]},{\"@type\":\"ImageObject\",\"inLanguage\":\"es\",\"@id\":\"https:\\\/\\\/www.elcolmado.de\\\/es\\\/desayuno-espanol-arranca-el-dia-de-la-mejor-manera-con-un-buen-desayuno-en-el-centro-de-berlin\\\/#primaryimage\",\"url\":\"https:\\\/\\\/www.elcolmado.de\\\/wp-content\\\/uploads\\\/2019\\\/07\\\/Desayuno-espanol-arranca-el-dia-de-la-mejor-manera-con-un-buen-desayuno-en-el-centro-de-Berlin-3.jpg\",\"contentUrl\":\"https:\\\/\\\/www.elcolmado.de\\\/wp-content\\\/uploads\\\/2019\\\/07\\\/Desayuno-espanol-arranca-el-dia-de-la-mejor-manera-con-un-buen-desayuno-en-el-centro-de-Berlin-3.jpg\",\"width\":1000,\"height\":667},{\"@type\":\"BreadcrumbList\",\"@id\":\"https:\\\/\\\/www.elcolmado.de\\\/es\\\/desayuno-espanol-arranca-el-dia-de-la-mejor-manera-con-un-buen-desayuno-en-el-centro-de-berlin\\\/#breadcrumb\",\"itemListElement\":[{\"@type\":\"ListItem\",\"position\":1,\"name\":\"Portada\",\"item\":\"https:\\\/\\\/www.elcolmado.de\\\/es\\\/\"},{\"@type\":\"ListItem\",\"position\":2,\"name\":\"Desayunos mediterr\u00e1neos: La mejor manera de empezar el d\u00eda\"}]},{\"@type\":\"WebSite\",\"@id\":\"https:\\\/\\\/www.elcolmado.de\\\/#website\",\"url\":\"https:\\\/\\\/www.elcolmado.de\\\/\",\"name\":\"elcolmado.de\",\"description\":\"Bar Tapas Berlin\",\"potentialAction\":[{\"@type\":\"SearchAction\",\"target\":{\"@type\":\"EntryPoint\",\"urlTemplate\":\"https:\\\/\\\/www.elcolmado.de\\\/?s={search_term_string}\"},\"query-input\":{\"@type\":\"PropertyValueSpecification\",\"valueRequired\":true,\"valueName\":\"search_term_string\"}}],\"inLanguage\":\"es\"},{\"@type\":\"Person\",\"@id\":\"https:\\\/\\\/www.elcolmado.de\\\/#\\\/schema\\\/person\\\/10a4657c35ed10b2a0dc5ccaed3a5e6b\",\"name\":\"Fernando Mart\u00edn\",\"image\":{\"@type\":\"ImageObject\",\"inLanguage\":\"es\",\"@id\":\"https:\\\/\\\/secure.gravatar.com\\\/avatar\\\/d772dd7ff38aa047368b131f5378c5c2bd76585cad96272dc5d7cddb4a556c32?s=96&d=mm&r=g\",\"url\":\"https:\\\/\\\/secure.gravatar.com\\\/avatar\\\/d772dd7ff38aa047368b131f5378c5c2bd76585cad96272dc5d7cddb4a556c32?s=96&d=mm&r=g\",\"contentUrl\":\"https:\\\/\\\/secure.gravatar.com\\\/avatar\\\/d772dd7ff38aa047368b131f5378c5c2bd76585cad96272dc5d7cddb4a556c32?s=96&d=mm&r=g\",\"caption\":\"Fernando Mart\u00edn\"},\"sameAs\":[\"http:\\\/\\\/www.osobukomedia.com\"],\"url\":\"https:\\\/\\\/www.elcolmado.de\\\/es\\\/author\\\/fernando\\\/\"}]}<\/script>\n<!-- \/ Yoast SEO plugin. -->","yoast_head_json":{"title":"Desayuno espa\u00f1ol: Arranca el d\u00eda de la mejor manera con un buen desayuno en el centro de Berl\u00edn| El Colmado","description":"No hay ninguna duda de que somos el mejor Restaurante Espa\u00f1ol en Berl\u00edn desde nuestra apertura a las 08:30, ofreciendo nuestroo desayuno espa\u00f1ol..","robots":{"index":"index","follow":"follow","max-snippet":"max-snippet:-1","max-image-preview":"max-image-preview:large","max-video-preview":"max-video-preview:-1"},"canonical":"https:\/\/www.elcolmado.de\/es\/desayuno-espanol-arranca-el-dia-de-la-mejor-manera-con-un-buen-desayuno-en-el-centro-de-berlin\/","og_locale":"es_ES","og_type":"article","og_title":"Desayuno espa\u00f1ol: Arranca el d\u00eda de la mejor manera con un buen desayuno en el centro de Berl\u00edn| El Colmado","og_description":"No hay ninguna duda de que somos el mejor Restaurante Espa\u00f1ol en Berl\u00edn desde nuestra apertura a las 08:30, ofreciendo nuestroo desayuno espa\u00f1ol..","og_url":"https:\/\/www.elcolmado.de\/es\/desayuno-espanol-arranca-el-dia-de-la-mejor-manera-con-un-buen-desayuno-en-el-centro-de-berlin\/","og_site_name":"elcolmado.de","article_published_time":"2019-07-18T17:02:34+00:00","article_modified_time":"2019-07-23T15:29:18+00:00","og_image":[{"width":1000,"height":667,"url":"https:\/\/www.elcolmado.de\/wp-content\/uploads\/2019\/07\/Desayuno-espanol-arranca-el-dia-de-la-mejor-manera-con-un-buen-desayuno-en-el-centro-de-Berlin-3.jpg","type":"image\/jpeg"}],"author":"Fernando Mart\u00edn","twitter_card":"summary_large_image","twitter_misc":{"Escrito por":"Fernando Mart\u00edn","Tiempo de lectura":"3 minutos"},"schema":{"@context":"https:\/\/schema.org","@graph":[{"@type":"Article","@id":"https:\/\/www.elcolmado.de\/es\/desayuno-espanol-arranca-el-dia-de-la-mejor-manera-con-un-buen-desayuno-en-el-centro-de-berlin\/#article","isPartOf":{"@id":"https:\/\/www.elcolmado.de\/es\/desayuno-espanol-arranca-el-dia-de-la-mejor-manera-con-un-buen-desayuno-en-el-centro-de-berlin\/"},"author":{"name":"Fernando Mart\u00edn","@id":"https:\/\/www.elcolmado.de\/#\/schema\/person\/10a4657c35ed10b2a0dc5ccaed3a5e6b"},"headline":"Desayunos mediterr\u00e1neos: La mejor manera de empezar el d\u00eda","datePublished":"2019-07-18T17:02:34+00:00","dateModified":"2019-07-23T15:29:18+00:00","mainEntityOfPage":{"@id":"https:\/\/www.elcolmado.de\/es\/desayuno-espanol-arranca-el-dia-de-la-mejor-manera-con-un-buen-desayuno-en-el-centro-de-berlin\/"},"wordCount":571,"commentCount":0,"image":{"@id":"https:\/\/www.elcolmado.de\/es\/desayuno-espanol-arranca-el-dia-de-la-mejor-manera-con-un-buen-desayuno-en-el-centro-de-berlin\/#primaryimage"},"thumbnailUrl":"https:\/\/www.elcolmado.de\/wp-content\/uploads\/2019\/07\/Desayuno-espanol-arranca-el-dia-de-la-mejor-manera-con-un-buen-desayuno-en-el-centro-de-Berlin-3.jpg","keywords":["Bar de Tapas en Berl\u00edn","Desayunos Mediterr\u00e1neos","El Colmado","Restaurante Espa\u00f1ol"],"articleSection":["El Colmado - ES"],"inLanguage":"es","potentialAction":[{"@type":"CommentAction","name":"Comment","target":["https:\/\/www.elcolmado.de\/es\/desayuno-espanol-arranca-el-dia-de-la-mejor-manera-con-un-buen-desayuno-en-el-centro-de-berlin\/#respond"]}]},{"@type":"WebPage","@id":"https:\/\/www.elcolmado.de\/es\/desayuno-espanol-arranca-el-dia-de-la-mejor-manera-con-un-buen-desayuno-en-el-centro-de-berlin\/","url":"https:\/\/www.elcolmado.de\/es\/desayuno-espanol-arranca-el-dia-de-la-mejor-manera-con-un-buen-desayuno-en-el-centro-de-berlin\/","name":"Desayuno espa\u00f1ol: Arranca el d\u00eda de la mejor manera con un buen desayuno en el centro de Berl\u00edn| El Colmado","isPartOf":{"@id":"https:\/\/www.elcolmado.de\/#website"},"primaryImageOfPage":{"@id":"https:\/\/www.elcolmado.de\/es\/desayuno-espanol-arranca-el-dia-de-la-mejor-manera-con-un-buen-desayuno-en-el-centro-de-berlin\/#primaryimage"},"image":{"@id":"https:\/\/www.elcolmado.de\/es\/desayuno-espanol-arranca-el-dia-de-la-mejor-manera-con-un-buen-desayuno-en-el-centro-de-berlin\/#primaryimage"},"thumbnailUrl":"https:\/\/www.elcolmado.de\/wp-content\/uploads\/2019\/07\/Desayuno-espanol-arranca-el-dia-de-la-mejor-manera-con-un-buen-desayuno-en-el-centro-de-Berlin-3.jpg","datePublished":"2019-07-18T17:02:34+00:00","dateModified":"2019-07-23T15:29:18+00:00","author":{"@id":"https:\/\/www.elcolmado.de\/#\/schema\/person\/10a4657c35ed10b2a0dc5ccaed3a5e6b"},"description":"No hay ninguna duda de que somos el mejor Restaurante Espa\u00f1ol en Berl\u00edn desde nuestra apertura a las 08:30, ofreciendo nuestroo desayuno espa\u00f1ol..","breadcrumb":{"@id":"https:\/\/www.elcolmado.de\/es\/desayuno-espanol-arranca-el-dia-de-la-mejor-manera-con-un-buen-desayuno-en-el-centro-de-berlin\/#breadcrumb"},"inLanguage":"es","potentialAction":[{"@type":"ReadAction","target":["https:\/\/www.elcolmado.de\/es\/desayuno-espanol-arranca-el-dia-de-la-mejor-manera-con-un-buen-desayuno-en-el-centro-de-berlin\/"]}]},{"@type":"ImageObject","inLanguage":"es","@id":"https:\/\/www.elcolmado.de\/es\/desayuno-espanol-arranca-el-dia-de-la-mejor-manera-con-un-buen-desayuno-en-el-centro-de-berlin\/#primaryimage","url":"https:\/\/www.elcolmado.de\/wp-content\/uploads\/2019\/07\/Desayuno-espanol-arranca-el-dia-de-la-mejor-manera-con-un-buen-desayuno-en-el-centro-de-Berlin-3.jpg","contentUrl":"https:\/\/www.elcolmado.de\/wp-content\/uploads\/2019\/07\/Desayuno-espanol-arranca-el-dia-de-la-mejor-manera-con-un-buen-desayuno-en-el-centro-de-Berlin-3.jpg","width":1000,"height":667},{"@type":"BreadcrumbList","@id":"https:\/\/www.elcolmado.de\/es\/desayuno-espanol-arranca-el-dia-de-la-mejor-manera-con-un-buen-desayuno-en-el-centro-de-berlin\/#breadcrumb","itemListElement":[{"@type":"ListItem","position":1,"name":"Portada","item":"https:\/\/www.elcolmado.de\/es\/"},{"@type":"ListItem","position":2,"name":"Desayunos mediterr\u00e1neos: La mejor manera de empezar el d\u00eda"}]},{"@type":"WebSite","@id":"https:\/\/www.elcolmado.de\/#website","url":"https:\/\/www.elcolmado.de\/","name":"elcolmado.de","description":"Bar Tapas Berlin","potentialAction":[{"@type":"SearchAction","target":{"@type":"EntryPoint","urlTemplate":"https:\/\/www.elcolmado.de\/?s={search_term_string}"},"query-input":{"@type":"PropertyValueSpecification","valueRequired":true,"valueName":"search_term_string"}}],"inLanguage":"es"},{"@type":"Person","@id":"https:\/\/www.elcolmado.de\/#\/schema\/person\/10a4657c35ed10b2a0dc5ccaed3a5e6b","name":"Fernando Mart\u00edn","image":{"@type":"ImageObject","inLanguage":"es","@id":"https:\/\/secure.gravatar.com\/avatar\/d772dd7ff38aa047368b131f5378c5c2bd76585cad96272dc5d7cddb4a556c32?s=96&d=mm&r=g","url":"https:\/\/secure.gravatar.com\/avatar\/d772dd7ff38aa047368b131f5378c5c2bd76585cad96272dc5d7cddb4a556c32?s=96&d=mm&r=g","contentUrl":"https:\/\/secure.gravatar.com\/avatar\/d772dd7ff38aa047368b131f5378c5c2bd76585cad96272dc5d7cddb4a556c32?s=96&d=mm&r=g","caption":"Fernando Mart\u00edn"},"sameAs":["http:\/\/www.osobukomedia.com"],"url":"https:\/\/www.elcolmado.de\/es\/author\/fernando\/"}]}},"_links":{"self":[{"href":"https:\/\/www.elcolmado.de\/es\/wp-json\/wp\/v2\/posts\/1589","targetHints":{"allow":["GET"]}}],"collection":[{"href":"https:\/\/www.elcolmado.de\/es\/wp-json\/wp\/v2\/posts"}],"about":[{"href":"https:\/\/www.elcolmado.de\/es\/wp-json\/wp\/v2\/types\/post"}],"author":[{"embeddable":true,"href":"https:\/\/www.elcolmado.de\/es\/wp-json\/wp\/v2\/users\/2"}],"replies":[{"embeddable":true,"href":"https:\/\/www.elcolmado.de\/es\/wp-json\/wp\/v2\/comments?post=1589"}],"version-history":[{"count":4,"href":"https:\/\/www.elcolmado.de\/es\/wp-json\/wp\/v2\/posts\/1589\/revisions"}],"predecessor-version":[{"id":1610,"href":"https:\/\/www.elcolmado.de\/es\/wp-json\/wp\/v2\/posts\/1589\/revisions\/1610"}],"wp:featuredmedia":[{"embeddable":true,"href":"https:\/\/www.elcolmado.de\/es\/wp-json\/wp\/v2\/media\/1602"}],"wp:attachment":[{"href":"https:\/\/www.elcolmado.de\/es\/wp-json\/wp\/v2\/media?parent=1589"}],"wp:term":[{"taxonomy":"category","embeddable":true,"href":"https:\/\/www.elcolmado.de\/es\/wp-json\/wp\/v2\/categories?post=1589"},{"taxonomy":"post_tag","embeddable":true,"href":"https:\/\/www.elcolmado.de\/es\/wp-json\/wp\/v2\/tags?post=1589"}],"curies":[{"name":"wp","href":"https:\/\/api.w.org\/{rel}","templated":true}]}}