{"id":1724,"date":"2019-09-01T17:40:15","date_gmt":"2019-09-01T17:40:15","guid":{"rendered":"https:\/\/www.elcolmado.de\/?p=1724"},"modified":"2019-09-01T17:40:15","modified_gmt":"2019-09-01T17:40:15","slug":"corte-a-cuchillo-visite-el-colmado-y-descubre-cual-es-el-secreto-del-buen-jamon-iberico","status":"publish","type":"post","link":"https:\/\/www.elcolmado.de\/es\/corte-a-cuchillo-visite-el-colmado-y-descubre-cual-es-el-secreto-del-buen-jamon-iberico\/","title":{"rendered":"Corte a cuchillo. Visite El Colmado y descubre cual es el secreto del buen jam\u00f3n ib\u00e9rico"},"content":{"rendered":"<p>El arte culinario ha avanzado en estas \u00faltimas d\u00e9cadas para lograr un \u00e9xito nunca antes alcanzado. Las culturas gastron\u00f3micas de los distintos pa\u00edses a la vanguardia de esa expansi\u00f3n en la cocina son m\u00faltiples. Esa variedad conlleva que gran parte de los productos y costumbres culinarios de pa\u00edses traspasen sus propios territorios para aterrizar en otros y dar a conocer sus manjares y tradiciones. <strong>El Colmado es un <a href=\"https:\/\/www.elcolmado.de\/es\/\">Bar de Tapas en Berl\u00edn<\/a>,donde se ofrece <a href=\"https:\/\/www.elcolmado.de\/es\/servicios\/\">comida espa\u00f1ola,<\/a> y que ha querido superar las fronteras gastron\u00f3micas para ofrecer, en la capital alemana, productos espa\u00f1oles de primera calidad, as\u00ed como sus diferentes modos de consumici\u00f3n, ya sea en forma de catering de comida espa\u00f1ola, de Pintxos, etc.<\/strong> En El Colmado queremos acercar la cultura gastron\u00f3mica espa\u00f1ola a todos los niveles posibles. Por eso, tambi\u00e9n ofrecemos los desayunos mediterr\u00e1neos tan caracter\u00edsticos as\u00ed como el producto estrella que no puede faltar en ninguna cocina que se precie: el jam\u00f3n ib\u00e9rico.<\/p>\n<p>&nbsp;<\/p>\n<h2>CORTE A CUCHILLO DE JAM\u00d3N IB\u00c9RICO EN BERL\u00cdN<\/h2>\n<p>&nbsp;<\/p>\n<p><strong>Si quieres comer Jam\u00f3n Ib\u00e9rico en Berl\u00edn, no tengas ninguna duda: El Colmado es el Bar de Tapas en Berl\u00edn que puede convertir en realidad ese deseo. Cualquier persona que ha probado ese manjar ha quedado maravillada.<\/strong> No es de extra\u00f1ar que distintas culturas gastron\u00f3micas de diferentes pa\u00edses hayan querido introducirlo entre sus propuestas culinarias. <strong>En el Colmado queremos acercarte a ese producto de la manera m\u00e1s atractiva, sabrosa y jugosa. Obviar la importancia y el impacto de este manjar no hubiese estado acorde con el mejor Bar de Tapas en Berl\u00edn<\/strong>. Es por ello que le hemos querido dar la relevancia que realmente tiene. Nuestro objetivo es que cuando se hable de d\u00f3nde comer Jam\u00f3n Ib\u00e9rico o Serrano en Berl\u00edn, la respuesta sea directa, r\u00e1pida y concisa: El Colmado. Pero todo lo bueno no acaba ah\u00ed, porque ahora toca lo mejor. <strong>Te ofrecemos la posibilidad de que observes a un cortador profesional de jam\u00f3n para que disfrutes del plato incluso antes de ser consumido<\/strong>. Es m\u00e1s, tambi\u00e9n existe la posibilidad de que disfrutes de ese plato en casa en caso de que quieras llev\u00e1rtelo. En El Colmado tenemos a vuestra disposici\u00f3n una parada de jam\u00f3n ib\u00e9rico con un cortador profesional de jam\u00f3n ib\u00e9rico para que haga de la comida una experiencia gastron\u00f3mica inigualable.<\/p>\n<p>&nbsp;<\/p>\n<h3>SI TE HA GUSTADO ESTE POST SOBRE \u00abCORTE A CUCHILLO: VISITE EL COLMADO Y DESCUBRE CUAL ES EL SECRETO DEL BUEN JAM\u00d3N IB\u00c9RICO , SEGURAMENTE TE INTERESAR\u00c1\u2026<\/h3>\n<p>&nbsp;<\/p>\n<ul>\n<li class=\"entry_title\"><a title=\"\u00bfTe atreves a vivir tu mejor experiencia gastron\u00f3mica gracias a nuestro servicio de catering?\" href=\"https:\/\/www.elcolmado.de\/es\/te-atreves-a-vivir-tu-mejor-experiencia-gastronomica-gracias-a-nuestro-servicio-de-catering\/\" target=\"_self\" rel=\"noopener noreferrer\">\u00bfTe atreves a vivir tu mejor experiencia gastron\u00f3mica gracias a nuestro servicio de catering?<\/a><\/li>\n<li class=\"entry_title\"><a title=\"\u00bfConoces las tapas espa\u00f1olas m\u00e1s populares?\" href=\"https:\/\/www.elcolmado.de\/es\/conoces-las-tapas-espanolas-mas-populares\/\" target=\"_self\" rel=\"noopener noreferrer\">\u00bfConoces las tapas espa\u00f1olas m\u00e1s populares?<\/a><\/li>\n<\/ul>\n","protected":false},"excerpt":{"rendered":"<p>El arte culinario ha avanzado en estas \u00faltimas d\u00e9cadas para lograr un \u00e9xito nunca antes alcanzado. Las culturas gastron\u00f3micas de los distintos pa\u00edses a la vanguardia de esa expansi\u00f3n en la cocina son m\u00faltiples. Esa variedad conlleva que gran parte de los productos y costumbres&#8230;<\/p>\n","protected":false},"author":2,"featured_media":1725,"comment_status":"open","ping_status":"open","sticky":false,"template":"","format":"standard","meta":{"footnotes":""},"categories":[7],"tags":[13,57,47,15,48],"class_list":["post-1724","post","type-post","status-publish","format-standard","has-post-thumbnail","hentry","category-jamon-iberico","tag-bar-de-tapas-en-berlin","tag-corte-a-cuchillo","tag-el-colmado-es","tag-restaurante-espanol","tag-tapas-espanolas"],"yoast_head":"<!-- This site is optimized with the Yoast SEO plugin v27.5 - https:\/\/yoast.com\/product\/yoast-seo-wordpress\/ -->\n<title>Corte a cuchillo. Visite El Colmado y descubre cual es el secreto del buen jam\u00f3n ib\u00e9rico| El Colmado<\/title>\n<meta name=\"description\" content=\"Si quieres comer Jam\u00f3n Ib\u00e9rico en Berl\u00edn, no tengas ninguna duda: El Colmado es el Bar de Tapas en Berl\u00edn que puede convertir en realidad ese deseo...\" \/>\n<meta name=\"robots\" content=\"index, follow, max-snippet:-1, max-image-preview:large, max-video-preview:-1\" \/>\n<link rel=\"canonical\" href=\"https:\/\/www.elcolmado.de\/es\/corte-a-cuchillo-visite-el-colmado-y-descubre-cual-es-el-secreto-del-buen-jamon-iberico\/\" \/>\n<meta property=\"og:locale\" content=\"es_ES\" \/>\n<meta property=\"og:type\" content=\"article\" \/>\n<meta property=\"og:title\" content=\"Corte a cuchillo. Visite El Colmado y descubre cual es el secreto del buen jam\u00f3n ib\u00e9rico| El Colmado\" \/>\n<meta property=\"og:description\" content=\"Si quieres comer Jam\u00f3n Ib\u00e9rico en Berl\u00edn, no tengas ninguna duda: El Colmado es el Bar de Tapas en Berl\u00edn que puede convertir en realidad ese deseo...\" \/>\n<meta property=\"og:url\" content=\"https:\/\/www.elcolmado.de\/es\/corte-a-cuchillo-visite-el-colmado-y-descubre-cual-es-el-secreto-del-buen-jamon-iberico\/\" \/>\n<meta property=\"og:site_name\" content=\"elcolmado.de\" \/>\n<meta property=\"article:published_time\" content=\"2019-09-01T17:40:15+00:00\" \/>\n<meta property=\"og:image\" content=\"https:\/\/www.elcolmado.de\/wp-content\/uploads\/2019\/09\/Corte-a-cuchillo-Visite-El-Colmado-y-descubre-cual-es-el-secreto-del-buen-jamon-iberico.jpg\" \/>\n\t<meta property=\"og:image:width\" content=\"1000\" \/>\n\t<meta property=\"og:image:height\" content=\"667\" \/>\n\t<meta property=\"og:image:type\" content=\"image\/jpeg\" \/>\n<meta name=\"author\" content=\"Fernando Mart\u00edn\" \/>\n<meta name=\"twitter:card\" content=\"summary_large_image\" \/>\n<meta name=\"twitter:label1\" content=\"Escrito por\" \/>\n\t<meta name=\"twitter:data1\" content=\"Fernando Mart\u00edn\" \/>\n\t<meta name=\"twitter:label2\" content=\"Tiempo de lectura\" \/>\n\t<meta name=\"twitter:data2\" content=\"2 minutos\" \/>\n<script type=\"application\/ld+json\" class=\"yoast-schema-graph\">{\"@context\":\"https:\\\/\\\/schema.org\",\"@graph\":[{\"@type\":\"Article\",\"@id\":\"https:\\\/\\\/www.elcolmado.de\\\/es\\\/corte-a-cuchillo-visite-el-colmado-y-descubre-cual-es-el-secreto-del-buen-jamon-iberico\\\/#article\",\"isPartOf\":{\"@id\":\"https:\\\/\\\/www.elcolmado.de\\\/es\\\/corte-a-cuchillo-visite-el-colmado-y-descubre-cual-es-el-secreto-del-buen-jamon-iberico\\\/\"},\"author\":{\"name\":\"Fernando Mart\u00edn\",\"@id\":\"https:\\\/\\\/www.elcolmado.de\\\/#\\\/schema\\\/person\\\/10a4657c35ed10b2a0dc5ccaed3a5e6b\"},\"headline\":\"Corte a cuchillo. Visite El Colmado y descubre cual es el secreto del buen jam\u00f3n ib\u00e9rico\",\"datePublished\":\"2019-09-01T17:40:15+00:00\",\"mainEntityOfPage\":{\"@id\":\"https:\\\/\\\/www.elcolmado.de\\\/es\\\/corte-a-cuchillo-visite-el-colmado-y-descubre-cual-es-el-secreto-del-buen-jamon-iberico\\\/\"},\"wordCount\":498,\"commentCount\":0,\"image\":{\"@id\":\"https:\\\/\\\/www.elcolmado.de\\\/es\\\/corte-a-cuchillo-visite-el-colmado-y-descubre-cual-es-el-secreto-del-buen-jamon-iberico\\\/#primaryimage\"},\"thumbnailUrl\":\"https:\\\/\\\/www.elcolmado.de\\\/wp-content\\\/uploads\\\/2019\\\/09\\\/Corte-a-cuchillo-Visite-El-Colmado-y-descubre-cual-es-el-secreto-del-buen-jamon-iberico.jpg\",\"keywords\":[\"Bar de Tapas en Berl\u00edn\",\"Corte a cuchillo\",\"El Colmado\",\"Restaurante Espa\u00f1ol\",\"Tapas Espa\u00f1olas\"],\"articleSection\":[\"Jam\u00f3n Ib\u00e9rico\"],\"inLanguage\":\"es\",\"potentialAction\":[{\"@type\":\"CommentAction\",\"name\":\"Comment\",\"target\":[\"https:\\\/\\\/www.elcolmado.de\\\/es\\\/corte-a-cuchillo-visite-el-colmado-y-descubre-cual-es-el-secreto-del-buen-jamon-iberico\\\/#respond\"]}]},{\"@type\":\"WebPage\",\"@id\":\"https:\\\/\\\/www.elcolmado.de\\\/es\\\/corte-a-cuchillo-visite-el-colmado-y-descubre-cual-es-el-secreto-del-buen-jamon-iberico\\\/\",\"url\":\"https:\\\/\\\/www.elcolmado.de\\\/es\\\/corte-a-cuchillo-visite-el-colmado-y-descubre-cual-es-el-secreto-del-buen-jamon-iberico\\\/\",\"name\":\"Corte a cuchillo. Visite El Colmado y descubre cual es el secreto del buen jam\u00f3n ib\u00e9rico| El Colmado\",\"isPartOf\":{\"@id\":\"https:\\\/\\\/www.elcolmado.de\\\/#website\"},\"primaryImageOfPage\":{\"@id\":\"https:\\\/\\\/www.elcolmado.de\\\/es\\\/corte-a-cuchillo-visite-el-colmado-y-descubre-cual-es-el-secreto-del-buen-jamon-iberico\\\/#primaryimage\"},\"image\":{\"@id\":\"https:\\\/\\\/www.elcolmado.de\\\/es\\\/corte-a-cuchillo-visite-el-colmado-y-descubre-cual-es-el-secreto-del-buen-jamon-iberico\\\/#primaryimage\"},\"thumbnailUrl\":\"https:\\\/\\\/www.elcolmado.de\\\/wp-content\\\/uploads\\\/2019\\\/09\\\/Corte-a-cuchillo-Visite-El-Colmado-y-descubre-cual-es-el-secreto-del-buen-jamon-iberico.jpg\",\"datePublished\":\"2019-09-01T17:40:15+00:00\",\"author\":{\"@id\":\"https:\\\/\\\/www.elcolmado.de\\\/#\\\/schema\\\/person\\\/10a4657c35ed10b2a0dc5ccaed3a5e6b\"},\"description\":\"Si quieres comer Jam\u00f3n Ib\u00e9rico en Berl\u00edn, no tengas ninguna duda: El Colmado es el Bar de Tapas en Berl\u00edn que puede convertir en realidad ese deseo...\",\"breadcrumb\":{\"@id\":\"https:\\\/\\\/www.elcolmado.de\\\/es\\\/corte-a-cuchillo-visite-el-colmado-y-descubre-cual-es-el-secreto-del-buen-jamon-iberico\\\/#breadcrumb\"},\"inLanguage\":\"es\",\"potentialAction\":[{\"@type\":\"ReadAction\",\"target\":[\"https:\\\/\\\/www.elcolmado.de\\\/es\\\/corte-a-cuchillo-visite-el-colmado-y-descubre-cual-es-el-secreto-del-buen-jamon-iberico\\\/\"]}]},{\"@type\":\"ImageObject\",\"inLanguage\":\"es\",\"@id\":\"https:\\\/\\\/www.elcolmado.de\\\/es\\\/corte-a-cuchillo-visite-el-colmado-y-descubre-cual-es-el-secreto-del-buen-jamon-iberico\\\/#primaryimage\",\"url\":\"https:\\\/\\\/www.elcolmado.de\\\/wp-content\\\/uploads\\\/2019\\\/09\\\/Corte-a-cuchillo-Visite-El-Colmado-y-descubre-cual-es-el-secreto-del-buen-jamon-iberico.jpg\",\"contentUrl\":\"https:\\\/\\\/www.elcolmado.de\\\/wp-content\\\/uploads\\\/2019\\\/09\\\/Corte-a-cuchillo-Visite-El-Colmado-y-descubre-cual-es-el-secreto-del-buen-jamon-iberico.jpg\",\"width\":1000,\"height\":667},{\"@type\":\"BreadcrumbList\",\"@id\":\"https:\\\/\\\/www.elcolmado.de\\\/es\\\/corte-a-cuchillo-visite-el-colmado-y-descubre-cual-es-el-secreto-del-buen-jamon-iberico\\\/#breadcrumb\",\"itemListElement\":[{\"@type\":\"ListItem\",\"position\":1,\"name\":\"Portada\",\"item\":\"https:\\\/\\\/www.elcolmado.de\\\/es\\\/\"},{\"@type\":\"ListItem\",\"position\":2,\"name\":\"Corte a cuchillo. Visite El Colmado y descubre cual es el secreto del buen jam\u00f3n ib\u00e9rico\"}]},{\"@type\":\"WebSite\",\"@id\":\"https:\\\/\\\/www.elcolmado.de\\\/#website\",\"url\":\"https:\\\/\\\/www.elcolmado.de\\\/\",\"name\":\"elcolmado.de\",\"description\":\"Bar Tapas Berlin\",\"potentialAction\":[{\"@type\":\"SearchAction\",\"target\":{\"@type\":\"EntryPoint\",\"urlTemplate\":\"https:\\\/\\\/www.elcolmado.de\\\/?s={search_term_string}\"},\"query-input\":{\"@type\":\"PropertyValueSpecification\",\"valueRequired\":true,\"valueName\":\"search_term_string\"}}],\"inLanguage\":\"es\"},{\"@type\":\"Person\",\"@id\":\"https:\\\/\\\/www.elcolmado.de\\\/#\\\/schema\\\/person\\\/10a4657c35ed10b2a0dc5ccaed3a5e6b\",\"name\":\"Fernando Mart\u00edn\",\"image\":{\"@type\":\"ImageObject\",\"inLanguage\":\"es\",\"@id\":\"https:\\\/\\\/secure.gravatar.com\\\/avatar\\\/d772dd7ff38aa047368b131f5378c5c2bd76585cad96272dc5d7cddb4a556c32?s=96&d=mm&r=g\",\"url\":\"https:\\\/\\\/secure.gravatar.com\\\/avatar\\\/d772dd7ff38aa047368b131f5378c5c2bd76585cad96272dc5d7cddb4a556c32?s=96&d=mm&r=g\",\"contentUrl\":\"https:\\\/\\\/secure.gravatar.com\\\/avatar\\\/d772dd7ff38aa047368b131f5378c5c2bd76585cad96272dc5d7cddb4a556c32?s=96&d=mm&r=g\",\"caption\":\"Fernando Mart\u00edn\"},\"sameAs\":[\"http:\\\/\\\/www.osobukomedia.com\"],\"url\":\"https:\\\/\\\/www.elcolmado.de\\\/es\\\/author\\\/fernando\\\/\"}]}<\/script>\n<!-- \/ Yoast SEO plugin. -->","yoast_head_json":{"title":"Corte a cuchillo. Visite El Colmado y descubre cual es el secreto del buen jam\u00f3n ib\u00e9rico| El Colmado","description":"Si quieres comer Jam\u00f3n Ib\u00e9rico en Berl\u00edn, no tengas ninguna duda: El Colmado es el Bar de Tapas en Berl\u00edn que puede convertir en realidad ese deseo...","robots":{"index":"index","follow":"follow","max-snippet":"max-snippet:-1","max-image-preview":"max-image-preview:large","max-video-preview":"max-video-preview:-1"},"canonical":"https:\/\/www.elcolmado.de\/es\/corte-a-cuchillo-visite-el-colmado-y-descubre-cual-es-el-secreto-del-buen-jamon-iberico\/","og_locale":"es_ES","og_type":"article","og_title":"Corte a cuchillo. Visite El Colmado y descubre cual es el secreto del buen jam\u00f3n ib\u00e9rico| El Colmado","og_description":"Si quieres comer Jam\u00f3n Ib\u00e9rico en Berl\u00edn, no tengas ninguna duda: El Colmado es el Bar de Tapas en Berl\u00edn que puede convertir en realidad ese deseo...","og_url":"https:\/\/www.elcolmado.de\/es\/corte-a-cuchillo-visite-el-colmado-y-descubre-cual-es-el-secreto-del-buen-jamon-iberico\/","og_site_name":"elcolmado.de","article_published_time":"2019-09-01T17:40:15+00:00","og_image":[{"width":1000,"height":667,"url":"https:\/\/www.elcolmado.de\/wp-content\/uploads\/2019\/09\/Corte-a-cuchillo-Visite-El-Colmado-y-descubre-cual-es-el-secreto-del-buen-jamon-iberico.jpg","type":"image\/jpeg"}],"author":"Fernando Mart\u00edn","twitter_card":"summary_large_image","twitter_misc":{"Escrito por":"Fernando Mart\u00edn","Tiempo de lectura":"2 minutos"},"schema":{"@context":"https:\/\/schema.org","@graph":[{"@type":"Article","@id":"https:\/\/www.elcolmado.de\/es\/corte-a-cuchillo-visite-el-colmado-y-descubre-cual-es-el-secreto-del-buen-jamon-iberico\/#article","isPartOf":{"@id":"https:\/\/www.elcolmado.de\/es\/corte-a-cuchillo-visite-el-colmado-y-descubre-cual-es-el-secreto-del-buen-jamon-iberico\/"},"author":{"name":"Fernando Mart\u00edn","@id":"https:\/\/www.elcolmado.de\/#\/schema\/person\/10a4657c35ed10b2a0dc5ccaed3a5e6b"},"headline":"Corte a cuchillo. Visite El Colmado y descubre cual es el secreto del buen jam\u00f3n ib\u00e9rico","datePublished":"2019-09-01T17:40:15+00:00","mainEntityOfPage":{"@id":"https:\/\/www.elcolmado.de\/es\/corte-a-cuchillo-visite-el-colmado-y-descubre-cual-es-el-secreto-del-buen-jamon-iberico\/"},"wordCount":498,"commentCount":0,"image":{"@id":"https:\/\/www.elcolmado.de\/es\/corte-a-cuchillo-visite-el-colmado-y-descubre-cual-es-el-secreto-del-buen-jamon-iberico\/#primaryimage"},"thumbnailUrl":"https:\/\/www.elcolmado.de\/wp-content\/uploads\/2019\/09\/Corte-a-cuchillo-Visite-El-Colmado-y-descubre-cual-es-el-secreto-del-buen-jamon-iberico.jpg","keywords":["Bar de Tapas en Berl\u00edn","Corte a cuchillo","El Colmado","Restaurante Espa\u00f1ol","Tapas Espa\u00f1olas"],"articleSection":["Jam\u00f3n Ib\u00e9rico"],"inLanguage":"es","potentialAction":[{"@type":"CommentAction","name":"Comment","target":["https:\/\/www.elcolmado.de\/es\/corte-a-cuchillo-visite-el-colmado-y-descubre-cual-es-el-secreto-del-buen-jamon-iberico\/#respond"]}]},{"@type":"WebPage","@id":"https:\/\/www.elcolmado.de\/es\/corte-a-cuchillo-visite-el-colmado-y-descubre-cual-es-el-secreto-del-buen-jamon-iberico\/","url":"https:\/\/www.elcolmado.de\/es\/corte-a-cuchillo-visite-el-colmado-y-descubre-cual-es-el-secreto-del-buen-jamon-iberico\/","name":"Corte a cuchillo. Visite El Colmado y descubre cual es el secreto del buen jam\u00f3n ib\u00e9rico| El Colmado","isPartOf":{"@id":"https:\/\/www.elcolmado.de\/#website"},"primaryImageOfPage":{"@id":"https:\/\/www.elcolmado.de\/es\/corte-a-cuchillo-visite-el-colmado-y-descubre-cual-es-el-secreto-del-buen-jamon-iberico\/#primaryimage"},"image":{"@id":"https:\/\/www.elcolmado.de\/es\/corte-a-cuchillo-visite-el-colmado-y-descubre-cual-es-el-secreto-del-buen-jamon-iberico\/#primaryimage"},"thumbnailUrl":"https:\/\/www.elcolmado.de\/wp-content\/uploads\/2019\/09\/Corte-a-cuchillo-Visite-El-Colmado-y-descubre-cual-es-el-secreto-del-buen-jamon-iberico.jpg","datePublished":"2019-09-01T17:40:15+00:00","author":{"@id":"https:\/\/www.elcolmado.de\/#\/schema\/person\/10a4657c35ed10b2a0dc5ccaed3a5e6b"},"description":"Si quieres comer Jam\u00f3n Ib\u00e9rico en Berl\u00edn, no tengas ninguna duda: El Colmado es el Bar de Tapas en Berl\u00edn que puede convertir en realidad ese deseo...","breadcrumb":{"@id":"https:\/\/www.elcolmado.de\/es\/corte-a-cuchillo-visite-el-colmado-y-descubre-cual-es-el-secreto-del-buen-jamon-iberico\/#breadcrumb"},"inLanguage":"es","potentialAction":[{"@type":"ReadAction","target":["https:\/\/www.elcolmado.de\/es\/corte-a-cuchillo-visite-el-colmado-y-descubre-cual-es-el-secreto-del-buen-jamon-iberico\/"]}]},{"@type":"ImageObject","inLanguage":"es","@id":"https:\/\/www.elcolmado.de\/es\/corte-a-cuchillo-visite-el-colmado-y-descubre-cual-es-el-secreto-del-buen-jamon-iberico\/#primaryimage","url":"https:\/\/www.elcolmado.de\/wp-content\/uploads\/2019\/09\/Corte-a-cuchillo-Visite-El-Colmado-y-descubre-cual-es-el-secreto-del-buen-jamon-iberico.jpg","contentUrl":"https:\/\/www.elcolmado.de\/wp-content\/uploads\/2019\/09\/Corte-a-cuchillo-Visite-El-Colmado-y-descubre-cual-es-el-secreto-del-buen-jamon-iberico.jpg","width":1000,"height":667},{"@type":"BreadcrumbList","@id":"https:\/\/www.elcolmado.de\/es\/corte-a-cuchillo-visite-el-colmado-y-descubre-cual-es-el-secreto-del-buen-jamon-iberico\/#breadcrumb","itemListElement":[{"@type":"ListItem","position":1,"name":"Portada","item":"https:\/\/www.elcolmado.de\/es\/"},{"@type":"ListItem","position":2,"name":"Corte a cuchillo. Visite El Colmado y descubre cual es el secreto del buen jam\u00f3n ib\u00e9rico"}]},{"@type":"WebSite","@id":"https:\/\/www.elcolmado.de\/#website","url":"https:\/\/www.elcolmado.de\/","name":"elcolmado.de","description":"Bar Tapas Berlin","potentialAction":[{"@type":"SearchAction","target":{"@type":"EntryPoint","urlTemplate":"https:\/\/www.elcolmado.de\/?s={search_term_string}"},"query-input":{"@type":"PropertyValueSpecification","valueRequired":true,"valueName":"search_term_string"}}],"inLanguage":"es"},{"@type":"Person","@id":"https:\/\/www.elcolmado.de\/#\/schema\/person\/10a4657c35ed10b2a0dc5ccaed3a5e6b","name":"Fernando Mart\u00edn","image":{"@type":"ImageObject","inLanguage":"es","@id":"https:\/\/secure.gravatar.com\/avatar\/d772dd7ff38aa047368b131f5378c5c2bd76585cad96272dc5d7cddb4a556c32?s=96&d=mm&r=g","url":"https:\/\/secure.gravatar.com\/avatar\/d772dd7ff38aa047368b131f5378c5c2bd76585cad96272dc5d7cddb4a556c32?s=96&d=mm&r=g","contentUrl":"https:\/\/secure.gravatar.com\/avatar\/d772dd7ff38aa047368b131f5378c5c2bd76585cad96272dc5d7cddb4a556c32?s=96&d=mm&r=g","caption":"Fernando Mart\u00edn"},"sameAs":["http:\/\/www.osobukomedia.com"],"url":"https:\/\/www.elcolmado.de\/es\/author\/fernando\/"}]}},"_links":{"self":[{"href":"https:\/\/www.elcolmado.de\/es\/wp-json\/wp\/v2\/posts\/1724","targetHints":{"allow":["GET"]}}],"collection":[{"href":"https:\/\/www.elcolmado.de\/es\/wp-json\/wp\/v2\/posts"}],"about":[{"href":"https:\/\/www.elcolmado.de\/es\/wp-json\/wp\/v2\/types\/post"}],"author":[{"embeddable":true,"href":"https:\/\/www.elcolmado.de\/es\/wp-json\/wp\/v2\/users\/2"}],"replies":[{"embeddable":true,"href":"https:\/\/www.elcolmado.de\/es\/wp-json\/wp\/v2\/comments?post=1724"}],"version-history":[{"count":2,"href":"https:\/\/www.elcolmado.de\/es\/wp-json\/wp\/v2\/posts\/1724\/revisions"}],"predecessor-version":[{"id":1729,"href":"https:\/\/www.elcolmado.de\/es\/wp-json\/wp\/v2\/posts\/1724\/revisions\/1729"}],"wp:featuredmedia":[{"embeddable":true,"href":"https:\/\/www.elcolmado.de\/es\/wp-json\/wp\/v2\/media\/1725"}],"wp:attachment":[{"href":"https:\/\/www.elcolmado.de\/es\/wp-json\/wp\/v2\/media?parent=1724"}],"wp:term":[{"taxonomy":"category","embeddable":true,"href":"https:\/\/www.elcolmado.de\/es\/wp-json\/wp\/v2\/categories?post=1724"},{"taxonomy":"post_tag","embeddable":true,"href":"https:\/\/www.elcolmado.de\/es\/wp-json\/wp\/v2\/tags?post=1724"}],"curies":[{"name":"wp","href":"https:\/\/api.w.org\/{rel}","templated":true}]}}