{"id":1736,"date":"2019-09-02T12:43:21","date_gmt":"2019-09-02T12:43:21","guid":{"rendered":"https:\/\/www.elcolmado.de\/?p=1736"},"modified":"2019-09-06T15:44:24","modified_gmt":"2019-09-06T15:44:24","slug":"cestas-de-navidad-de-el-colmado-regala-los-mejores-productos-espanoles-a-tus-trabajadores-en-berlin","status":"publish","type":"post","link":"https:\/\/www.elcolmado.de\/es\/cestas-de-navidad-de-el-colmado-regala-los-mejores-productos-espanoles-a-tus-trabajadores-en-berlin\/","title":{"rendered":"Cestas de Navidad de El Colmado: \u00a1Regala los mejores productos espa\u00f1oles a tus trabajadores en Berl\u00edn!"},"content":{"rendered":"<p>Desgraciadamente para todos, la temporada estival ya est\u00e1 tocando a su fin. En pocos meses el calor que inundaba la ciudad cambiar\u00e1 por un g\u00e9lido fr\u00edo que ir\u00e1 calando hasta quedarse en nuestros rincones favoritos. Sin embargo, des de <strong>El Colmado, el mejor <a href=\"https:\/\/www.elcolmado.de\/es\/\">Restaurante Espa\u00f1ol en Berl\u00edn<\/a>, no queremos que el abrigo nos proh\u00edba seguir disfrutando de los productos espa\u00f1oles gourmet que tenemos en la carta. <\/strong><\/p>\n<p><!--more--><\/p>\n<p>Es por todos ya conocidos los m\u00faltiples productos espa\u00f1oles que ofrecemos, incluyendo todas sus formas. L<strong>as tapas son el perfecto reflejo de la cultura gastron\u00f3mica espa\u00f1ola que hemos querido mostrar para que se queden maravillados en la capital alemana.<\/strong> Del mismo modo, ofrecemos los desayunos mediterr\u00e1neos para que empieces de una forma saludable el d\u00eda. Para teletransportar a tu paladar y est\u00f3mago al mism\u00edsimo sur de Europa. Asimismo, tambi\u00e9n contamos en nuestro elenco a un profesional de corte de jam\u00f3n ib\u00e9rico. Puedes enamorarte del jam\u00f3n en su m\u00e1xima expresi\u00f3n, tenerlo en tu plato justo en el mismo instante de su corte para que despu\u00e9s puedas elegir si quieres com\u00e9rtelo all\u00ed o, incluso, degustarlo en tu propia casa.<strong> Tambi\u00e9n, tenemos el gusto de anunciar que ya hemos empezado a preparar los mejores regalos para tus empleados gracias a las Cestas de navidad de productos espa\u00f1oles.<\/strong><\/p>\n<p>&nbsp;<\/p>\n<h2>CESTAS DE NAVIDAD CON PRODUCTOS ESPA\u00d1OLES DE LA MEJOR CALIDAD EN EL COLMADO<\/h2>\n<p>&nbsp;<\/p>\n<p><strong>Si no sabes qu\u00e9 regalarles a tus empleados en Navidad como premio a su incansable labor y para celebrar con fraternidad el mayor evento festivo anual, nosotros tenemos la soluci\u00f3n<\/strong>. Si hay alguna caracter\u00edstica intr\u00ednseca para definir a la Navidad es por lograr juntar a toda la familia en una mesa, comer y cenar para disfrutar de todo el tiempo que no se ha podido compartir a lo largo del a\u00f1o. <strong>En El Colmado tenemos la mejor oferta para que tus trabajadores sigan alardeando de tu empresa delante de sus m\u00e1s allegados. Ofrecemos las mejores cestas de navidad de productos espa\u00f1oles para que tus empleados tengan en la boca, incluso en vacaciones, que pertenecen a la mejor empresa posible<\/strong>. Nuestras cestas est\u00e1n hechas con el mejor del cari\u00f1o para este tiempo tan familiar, pero sobre todo con\u00a0 <strong>productos gourmet espa\u00f1oles<\/strong> de todos los gustos, colores y sabores. Por ejemplo, el cl\u00e1sico turr\u00f3n no pod\u00eda faltar a esta encantadora cita. Evidentemente, los embutidos ib\u00e9ricos as\u00ed como el jam\u00f3n son claves para poder disfrutar de una buena comida de calidad, sum\u00e1ndole el aceite de oliva tan caracter\u00edstico de la gastronom\u00eda espa\u00f1ola. Tambi\u00e9n a\u00f1adimos conservas en lata y aceitunas para que el vino tinto Rioja amenice toda la clase de productos espa\u00f1oles de la cesta. El Colmado, como el mejor <strong>Restaurante Espa\u00f1ol en Berl\u00edn, <\/strong>quiere ofrecerte la posibilidad de encandilar a tus empleados as\u00ed como a sus familiares con los <strong>productos gourmet <\/strong>de la cesta de Navidad. Si quieres saborear la Navidad y enamorar a tus empleados, regala las <strong>Cestas de navidad de productos espa\u00f1oles <\/strong>que sirve El Colmado, tu <strong>Restaurante Espa\u00f1ol en Berl\u00edn <\/strong>con <strong>productos gourmet.<\/strong><\/p>\n<p>&nbsp;<\/p>\n<h3>SI TE HA GUSTADO ESTE POST SOBRE ,\u00bbCESTAS DE NAVIDAD DE EL COLMADO: \u00a1REGALA LOS MEJORES PRODUCTOS ESPA\u00d1OLES A TUS TRABAJADORES EN BERL\u00cdN!\u00bb SEGURAMENTE TE INTERESAR\u00c1\u2026<\/h3>\n<p>&nbsp;<\/p>\n<ul>\n<li class=\"entry_title\"><a title=\"Corte a cuchillo. Visite El Colmado y descubre cual es el secreto del buen jam\u00f3n ib\u00e9rico\" href=\"https:\/\/www.elcolmado.de\/es\/corte-a-cuchillo-visite-el-colmado-y-descubre-cual-es-el-secreto-del-buen-jamon-iberico\/\" target=\"_self\" rel=\"noopener noreferrer\">Corte a cuchillo. Visite El Colmado y descubre cual es el secreto del buen jam\u00f3n ib\u00e9rico<\/a><\/li>\n<li class=\"entry_title\"><a title=\"\u00bfTe atreves a vivir tu mejor experiencia gastron\u00f3mica gracias a nuestro servicio de catering?\" href=\"https:\/\/www.elcolmado.de\/es\/te-atreves-a-vivir-tu-mejor-experiencia-gastronomica-gracias-a-nuestro-servicio-de-catering\/\" target=\"_self\" rel=\"noopener noreferrer\">\u00bfTe atreves a vivir tu mejor experiencia gastron\u00f3mica gracias a nuestro servicio de catering?<\/a><\/li>\n<\/ul>\n","protected":false},"excerpt":{"rendered":"<p>Desgraciadamente para todos, la temporada estival ya est\u00e1 tocando a su fin. En pocos meses el calor que inundaba la ciudad cambiar\u00e1 por un g\u00e9lido fr\u00edo que ir\u00e1 calando hasta quedarse en nuestros rincones favoritos. Sin embargo, des de El Colmado, el mejor Restaurante Espa\u00f1ol&#8230;<\/p>\n","protected":false},"author":2,"featured_media":1763,"comment_status":"open","ping_status":"open","sticky":false,"template":"","format":"standard","meta":{"footnotes":""},"categories":[60],"tags":[13,61,47,15],"class_list":["post-1736","post","type-post","status-publish","format-standard","has-post-thumbnail","hentry","category-cestas-de-navidad","tag-bar-de-tapas-en-berlin","tag-cestas-de-navidad","tag-el-colmado-es","tag-restaurante-espanol"],"yoast_head":"<!-- This site is optimized with the Yoast SEO plugin v27.5 - https:\/\/yoast.com\/product\/yoast-seo-wordpress\/ -->\n<title>Cestas de Navidad de El Colmado: \u00a1Regala los mejores productos espa\u00f1oles a tus trabajadores en Berl\u00edn!| El Colmado<\/title>\n<meta name=\"description\" content=\"Tambi\u00e9n, tenemos el gusto de anunciar que ya hemos empezado a preparar los mejores regalos para tus empleados gracias a las Cestas de navidad de...\" \/>\n<meta name=\"robots\" content=\"index, follow, max-snippet:-1, max-image-preview:large, max-video-preview:-1\" \/>\n<link rel=\"canonical\" href=\"https:\/\/www.elcolmado.de\/es\/cestas-de-navidad-de-el-colmado-regala-los-mejores-productos-espanoles-a-tus-trabajadores-en-berlin\/\" \/>\n<meta property=\"og:locale\" content=\"es_ES\" \/>\n<meta property=\"og:type\" content=\"article\" \/>\n<meta property=\"og:title\" content=\"Cestas de Navidad de El Colmado: \u00a1Regala los mejores productos espa\u00f1oles a tus trabajadores en Berl\u00edn!| El Colmado\" \/>\n<meta property=\"og:description\" content=\"Tambi\u00e9n, tenemos el gusto de anunciar que ya hemos empezado a preparar los mejores regalos para tus empleados gracias a las Cestas de navidad de...\" \/>\n<meta property=\"og:url\" content=\"https:\/\/www.elcolmado.de\/es\/cestas-de-navidad-de-el-colmado-regala-los-mejores-productos-espanoles-a-tus-trabajadores-en-berlin\/\" \/>\n<meta property=\"og:site_name\" content=\"elcolmado.de\" \/>\n<meta property=\"article:published_time\" content=\"2019-09-02T12:43:21+00:00\" \/>\n<meta property=\"article:modified_time\" content=\"2019-09-06T15:44:24+00:00\" \/>\n<meta property=\"og:image\" content=\"https:\/\/www.elcolmado.de\/wp-content\/uploads\/2019\/09\/Cestas-de-Navidad-de-El-Colmado-Regala-los-mejores-productos-espanoles-a-tus-trabajadores-en-Berlin-5.jpg\" \/>\n\t<meta property=\"og:image:width\" content=\"1000\" \/>\n\t<meta property=\"og:image:height\" content=\"667\" \/>\n\t<meta property=\"og:image:type\" content=\"image\/jpeg\" \/>\n<meta name=\"author\" content=\"Fernando Mart\u00edn\" \/>\n<meta name=\"twitter:card\" content=\"summary_large_image\" \/>\n<meta name=\"twitter:label1\" content=\"Escrito por\" \/>\n\t<meta name=\"twitter:data1\" content=\"Fernando Mart\u00edn\" \/>\n\t<meta name=\"twitter:label2\" content=\"Tiempo de lectura\" \/>\n\t<meta name=\"twitter:data2\" content=\"3 minutos\" \/>\n<script type=\"application\/ld+json\" class=\"yoast-schema-graph\">{\"@context\":\"https:\\\/\\\/schema.org\",\"@graph\":[{\"@type\":\"Article\",\"@id\":\"https:\\\/\\\/www.elcolmado.de\\\/es\\\/cestas-de-navidad-de-el-colmado-regala-los-mejores-productos-espanoles-a-tus-trabajadores-en-berlin\\\/#article\",\"isPartOf\":{\"@id\":\"https:\\\/\\\/www.elcolmado.de\\\/es\\\/cestas-de-navidad-de-el-colmado-regala-los-mejores-productos-espanoles-a-tus-trabajadores-en-berlin\\\/\"},\"author\":{\"name\":\"Fernando Mart\u00edn\",\"@id\":\"https:\\\/\\\/www.elcolmado.de\\\/#\\\/schema\\\/person\\\/10a4657c35ed10b2a0dc5ccaed3a5e6b\"},\"headline\":\"Cestas de Navidad de El Colmado: \u00a1Regala los mejores productos espa\u00f1oles a tus trabajadores en Berl\u00edn!\",\"datePublished\":\"2019-09-02T12:43:21+00:00\",\"dateModified\":\"2019-09-06T15:44:24+00:00\",\"mainEntityOfPage\":{\"@id\":\"https:\\\/\\\/www.elcolmado.de\\\/es\\\/cestas-de-navidad-de-el-colmado-regala-los-mejores-productos-espanoles-a-tus-trabajadores-en-berlin\\\/\"},\"wordCount\":631,\"commentCount\":0,\"image\":{\"@id\":\"https:\\\/\\\/www.elcolmado.de\\\/es\\\/cestas-de-navidad-de-el-colmado-regala-los-mejores-productos-espanoles-a-tus-trabajadores-en-berlin\\\/#primaryimage\"},\"thumbnailUrl\":\"https:\\\/\\\/www.elcolmado.de\\\/wp-content\\\/uploads\\\/2019\\\/09\\\/Cestas-de-Navidad-de-El-Colmado-Regala-los-mejores-productos-espanoles-a-tus-trabajadores-en-Berlin-5.jpg\",\"keywords\":[\"Bar de Tapas en Berl\u00edn\",\"Cestas de Navidad\",\"El Colmado\",\"Restaurante Espa\u00f1ol\"],\"articleSection\":[\"Cestas de Navidad\"],\"inLanguage\":\"es\",\"potentialAction\":[{\"@type\":\"CommentAction\",\"name\":\"Comment\",\"target\":[\"https:\\\/\\\/www.elcolmado.de\\\/es\\\/cestas-de-navidad-de-el-colmado-regala-los-mejores-productos-espanoles-a-tus-trabajadores-en-berlin\\\/#respond\"]}]},{\"@type\":\"WebPage\",\"@id\":\"https:\\\/\\\/www.elcolmado.de\\\/es\\\/cestas-de-navidad-de-el-colmado-regala-los-mejores-productos-espanoles-a-tus-trabajadores-en-berlin\\\/\",\"url\":\"https:\\\/\\\/www.elcolmado.de\\\/es\\\/cestas-de-navidad-de-el-colmado-regala-los-mejores-productos-espanoles-a-tus-trabajadores-en-berlin\\\/\",\"name\":\"Cestas de Navidad de El Colmado: \u00a1Regala los mejores productos espa\u00f1oles a tus trabajadores en Berl\u00edn!| El Colmado\",\"isPartOf\":{\"@id\":\"https:\\\/\\\/www.elcolmado.de\\\/#website\"},\"primaryImageOfPage\":{\"@id\":\"https:\\\/\\\/www.elcolmado.de\\\/es\\\/cestas-de-navidad-de-el-colmado-regala-los-mejores-productos-espanoles-a-tus-trabajadores-en-berlin\\\/#primaryimage\"},\"image\":{\"@id\":\"https:\\\/\\\/www.elcolmado.de\\\/es\\\/cestas-de-navidad-de-el-colmado-regala-los-mejores-productos-espanoles-a-tus-trabajadores-en-berlin\\\/#primaryimage\"},\"thumbnailUrl\":\"https:\\\/\\\/www.elcolmado.de\\\/wp-content\\\/uploads\\\/2019\\\/09\\\/Cestas-de-Navidad-de-El-Colmado-Regala-los-mejores-productos-espanoles-a-tus-trabajadores-en-Berlin-5.jpg\",\"datePublished\":\"2019-09-02T12:43:21+00:00\",\"dateModified\":\"2019-09-06T15:44:24+00:00\",\"author\":{\"@id\":\"https:\\\/\\\/www.elcolmado.de\\\/#\\\/schema\\\/person\\\/10a4657c35ed10b2a0dc5ccaed3a5e6b\"},\"description\":\"Tambi\u00e9n, tenemos el gusto de anunciar que ya hemos empezado a preparar los mejores regalos para tus empleados gracias a las Cestas de navidad de...\",\"breadcrumb\":{\"@id\":\"https:\\\/\\\/www.elcolmado.de\\\/es\\\/cestas-de-navidad-de-el-colmado-regala-los-mejores-productos-espanoles-a-tus-trabajadores-en-berlin\\\/#breadcrumb\"},\"inLanguage\":\"es\",\"potentialAction\":[{\"@type\":\"ReadAction\",\"target\":[\"https:\\\/\\\/www.elcolmado.de\\\/es\\\/cestas-de-navidad-de-el-colmado-regala-los-mejores-productos-espanoles-a-tus-trabajadores-en-berlin\\\/\"]}]},{\"@type\":\"ImageObject\",\"inLanguage\":\"es\",\"@id\":\"https:\\\/\\\/www.elcolmado.de\\\/es\\\/cestas-de-navidad-de-el-colmado-regala-los-mejores-productos-espanoles-a-tus-trabajadores-en-berlin\\\/#primaryimage\",\"url\":\"https:\\\/\\\/www.elcolmado.de\\\/wp-content\\\/uploads\\\/2019\\\/09\\\/Cestas-de-Navidad-de-El-Colmado-Regala-los-mejores-productos-espanoles-a-tus-trabajadores-en-Berlin-5.jpg\",\"contentUrl\":\"https:\\\/\\\/www.elcolmado.de\\\/wp-content\\\/uploads\\\/2019\\\/09\\\/Cestas-de-Navidad-de-El-Colmado-Regala-los-mejores-productos-espanoles-a-tus-trabajadores-en-Berlin-5.jpg\",\"width\":1000,\"height\":667},{\"@type\":\"BreadcrumbList\",\"@id\":\"https:\\\/\\\/www.elcolmado.de\\\/es\\\/cestas-de-navidad-de-el-colmado-regala-los-mejores-productos-espanoles-a-tus-trabajadores-en-berlin\\\/#breadcrumb\",\"itemListElement\":[{\"@type\":\"ListItem\",\"position\":1,\"name\":\"Portada\",\"item\":\"https:\\\/\\\/www.elcolmado.de\\\/es\\\/\"},{\"@type\":\"ListItem\",\"position\":2,\"name\":\"Cestas de Navidad de El Colmado: \u00a1Regala los mejores productos espa\u00f1oles a tus trabajadores en Berl\u00edn!\"}]},{\"@type\":\"WebSite\",\"@id\":\"https:\\\/\\\/www.elcolmado.de\\\/#website\",\"url\":\"https:\\\/\\\/www.elcolmado.de\\\/\",\"name\":\"elcolmado.de\",\"description\":\"Bar Tapas Berlin\",\"potentialAction\":[{\"@type\":\"SearchAction\",\"target\":{\"@type\":\"EntryPoint\",\"urlTemplate\":\"https:\\\/\\\/www.elcolmado.de\\\/?s={search_term_string}\"},\"query-input\":{\"@type\":\"PropertyValueSpecification\",\"valueRequired\":true,\"valueName\":\"search_term_string\"}}],\"inLanguage\":\"es\"},{\"@type\":\"Person\",\"@id\":\"https:\\\/\\\/www.elcolmado.de\\\/#\\\/schema\\\/person\\\/10a4657c35ed10b2a0dc5ccaed3a5e6b\",\"name\":\"Fernando Mart\u00edn\",\"image\":{\"@type\":\"ImageObject\",\"inLanguage\":\"es\",\"@id\":\"https:\\\/\\\/secure.gravatar.com\\\/avatar\\\/d772dd7ff38aa047368b131f5378c5c2bd76585cad96272dc5d7cddb4a556c32?s=96&d=mm&r=g\",\"url\":\"https:\\\/\\\/secure.gravatar.com\\\/avatar\\\/d772dd7ff38aa047368b131f5378c5c2bd76585cad96272dc5d7cddb4a556c32?s=96&d=mm&r=g\",\"contentUrl\":\"https:\\\/\\\/secure.gravatar.com\\\/avatar\\\/d772dd7ff38aa047368b131f5378c5c2bd76585cad96272dc5d7cddb4a556c32?s=96&d=mm&r=g\",\"caption\":\"Fernando Mart\u00edn\"},\"sameAs\":[\"http:\\\/\\\/www.osobukomedia.com\"],\"url\":\"https:\\\/\\\/www.elcolmado.de\\\/es\\\/author\\\/fernando\\\/\"}]}<\/script>\n<!-- \/ Yoast SEO plugin. -->","yoast_head_json":{"title":"Cestas de Navidad de El Colmado: \u00a1Regala los mejores productos espa\u00f1oles a tus trabajadores en Berl\u00edn!| El Colmado","description":"Tambi\u00e9n, tenemos el gusto de anunciar que ya hemos empezado a preparar los mejores regalos para tus empleados gracias a las Cestas de navidad de...","robots":{"index":"index","follow":"follow","max-snippet":"max-snippet:-1","max-image-preview":"max-image-preview:large","max-video-preview":"max-video-preview:-1"},"canonical":"https:\/\/www.elcolmado.de\/es\/cestas-de-navidad-de-el-colmado-regala-los-mejores-productos-espanoles-a-tus-trabajadores-en-berlin\/","og_locale":"es_ES","og_type":"article","og_title":"Cestas de Navidad de El Colmado: \u00a1Regala los mejores productos espa\u00f1oles a tus trabajadores en Berl\u00edn!| El Colmado","og_description":"Tambi\u00e9n, tenemos el gusto de anunciar que ya hemos empezado a preparar los mejores regalos para tus empleados gracias a las Cestas de navidad de...","og_url":"https:\/\/www.elcolmado.de\/es\/cestas-de-navidad-de-el-colmado-regala-los-mejores-productos-espanoles-a-tus-trabajadores-en-berlin\/","og_site_name":"elcolmado.de","article_published_time":"2019-09-02T12:43:21+00:00","article_modified_time":"2019-09-06T15:44:24+00:00","og_image":[{"width":1000,"height":667,"url":"https:\/\/www.elcolmado.de\/wp-content\/uploads\/2019\/09\/Cestas-de-Navidad-de-El-Colmado-Regala-los-mejores-productos-espanoles-a-tus-trabajadores-en-Berlin-5.jpg","type":"image\/jpeg"}],"author":"Fernando Mart\u00edn","twitter_card":"summary_large_image","twitter_misc":{"Escrito por":"Fernando Mart\u00edn","Tiempo de lectura":"3 minutos"},"schema":{"@context":"https:\/\/schema.org","@graph":[{"@type":"Article","@id":"https:\/\/www.elcolmado.de\/es\/cestas-de-navidad-de-el-colmado-regala-los-mejores-productos-espanoles-a-tus-trabajadores-en-berlin\/#article","isPartOf":{"@id":"https:\/\/www.elcolmado.de\/es\/cestas-de-navidad-de-el-colmado-regala-los-mejores-productos-espanoles-a-tus-trabajadores-en-berlin\/"},"author":{"name":"Fernando Mart\u00edn","@id":"https:\/\/www.elcolmado.de\/#\/schema\/person\/10a4657c35ed10b2a0dc5ccaed3a5e6b"},"headline":"Cestas de Navidad de El Colmado: \u00a1Regala los mejores productos espa\u00f1oles a tus trabajadores en Berl\u00edn!","datePublished":"2019-09-02T12:43:21+00:00","dateModified":"2019-09-06T15:44:24+00:00","mainEntityOfPage":{"@id":"https:\/\/www.elcolmado.de\/es\/cestas-de-navidad-de-el-colmado-regala-los-mejores-productos-espanoles-a-tus-trabajadores-en-berlin\/"},"wordCount":631,"commentCount":0,"image":{"@id":"https:\/\/www.elcolmado.de\/es\/cestas-de-navidad-de-el-colmado-regala-los-mejores-productos-espanoles-a-tus-trabajadores-en-berlin\/#primaryimage"},"thumbnailUrl":"https:\/\/www.elcolmado.de\/wp-content\/uploads\/2019\/09\/Cestas-de-Navidad-de-El-Colmado-Regala-los-mejores-productos-espanoles-a-tus-trabajadores-en-Berlin-5.jpg","keywords":["Bar de Tapas en Berl\u00edn","Cestas de Navidad","El Colmado","Restaurante Espa\u00f1ol"],"articleSection":["Cestas de Navidad"],"inLanguage":"es","potentialAction":[{"@type":"CommentAction","name":"Comment","target":["https:\/\/www.elcolmado.de\/es\/cestas-de-navidad-de-el-colmado-regala-los-mejores-productos-espanoles-a-tus-trabajadores-en-berlin\/#respond"]}]},{"@type":"WebPage","@id":"https:\/\/www.elcolmado.de\/es\/cestas-de-navidad-de-el-colmado-regala-los-mejores-productos-espanoles-a-tus-trabajadores-en-berlin\/","url":"https:\/\/www.elcolmado.de\/es\/cestas-de-navidad-de-el-colmado-regala-los-mejores-productos-espanoles-a-tus-trabajadores-en-berlin\/","name":"Cestas de Navidad de El Colmado: \u00a1Regala los mejores productos espa\u00f1oles a tus trabajadores en Berl\u00edn!| El Colmado","isPartOf":{"@id":"https:\/\/www.elcolmado.de\/#website"},"primaryImageOfPage":{"@id":"https:\/\/www.elcolmado.de\/es\/cestas-de-navidad-de-el-colmado-regala-los-mejores-productos-espanoles-a-tus-trabajadores-en-berlin\/#primaryimage"},"image":{"@id":"https:\/\/www.elcolmado.de\/es\/cestas-de-navidad-de-el-colmado-regala-los-mejores-productos-espanoles-a-tus-trabajadores-en-berlin\/#primaryimage"},"thumbnailUrl":"https:\/\/www.elcolmado.de\/wp-content\/uploads\/2019\/09\/Cestas-de-Navidad-de-El-Colmado-Regala-los-mejores-productos-espanoles-a-tus-trabajadores-en-Berlin-5.jpg","datePublished":"2019-09-02T12:43:21+00:00","dateModified":"2019-09-06T15:44:24+00:00","author":{"@id":"https:\/\/www.elcolmado.de\/#\/schema\/person\/10a4657c35ed10b2a0dc5ccaed3a5e6b"},"description":"Tambi\u00e9n, tenemos el gusto de anunciar que ya hemos empezado a preparar los mejores regalos para tus empleados gracias a las Cestas de navidad de...","breadcrumb":{"@id":"https:\/\/www.elcolmado.de\/es\/cestas-de-navidad-de-el-colmado-regala-los-mejores-productos-espanoles-a-tus-trabajadores-en-berlin\/#breadcrumb"},"inLanguage":"es","potentialAction":[{"@type":"ReadAction","target":["https:\/\/www.elcolmado.de\/es\/cestas-de-navidad-de-el-colmado-regala-los-mejores-productos-espanoles-a-tus-trabajadores-en-berlin\/"]}]},{"@type":"ImageObject","inLanguage":"es","@id":"https:\/\/www.elcolmado.de\/es\/cestas-de-navidad-de-el-colmado-regala-los-mejores-productos-espanoles-a-tus-trabajadores-en-berlin\/#primaryimage","url":"https:\/\/www.elcolmado.de\/wp-content\/uploads\/2019\/09\/Cestas-de-Navidad-de-El-Colmado-Regala-los-mejores-productos-espanoles-a-tus-trabajadores-en-Berlin-5.jpg","contentUrl":"https:\/\/www.elcolmado.de\/wp-content\/uploads\/2019\/09\/Cestas-de-Navidad-de-El-Colmado-Regala-los-mejores-productos-espanoles-a-tus-trabajadores-en-Berlin-5.jpg","width":1000,"height":667},{"@type":"BreadcrumbList","@id":"https:\/\/www.elcolmado.de\/es\/cestas-de-navidad-de-el-colmado-regala-los-mejores-productos-espanoles-a-tus-trabajadores-en-berlin\/#breadcrumb","itemListElement":[{"@type":"ListItem","position":1,"name":"Portada","item":"https:\/\/www.elcolmado.de\/es\/"},{"@type":"ListItem","position":2,"name":"Cestas de Navidad de El Colmado: \u00a1Regala los mejores productos espa\u00f1oles a tus trabajadores en Berl\u00edn!"}]},{"@type":"WebSite","@id":"https:\/\/www.elcolmado.de\/#website","url":"https:\/\/www.elcolmado.de\/","name":"elcolmado.de","description":"Bar Tapas Berlin","potentialAction":[{"@type":"SearchAction","target":{"@type":"EntryPoint","urlTemplate":"https:\/\/www.elcolmado.de\/?s={search_term_string}"},"query-input":{"@type":"PropertyValueSpecification","valueRequired":true,"valueName":"search_term_string"}}],"inLanguage":"es"},{"@type":"Person","@id":"https:\/\/www.elcolmado.de\/#\/schema\/person\/10a4657c35ed10b2a0dc5ccaed3a5e6b","name":"Fernando Mart\u00edn","image":{"@type":"ImageObject","inLanguage":"es","@id":"https:\/\/secure.gravatar.com\/avatar\/d772dd7ff38aa047368b131f5378c5c2bd76585cad96272dc5d7cddb4a556c32?s=96&d=mm&r=g","url":"https:\/\/secure.gravatar.com\/avatar\/d772dd7ff38aa047368b131f5378c5c2bd76585cad96272dc5d7cddb4a556c32?s=96&d=mm&r=g","contentUrl":"https:\/\/secure.gravatar.com\/avatar\/d772dd7ff38aa047368b131f5378c5c2bd76585cad96272dc5d7cddb4a556c32?s=96&d=mm&r=g","caption":"Fernando Mart\u00edn"},"sameAs":["http:\/\/www.osobukomedia.com"],"url":"https:\/\/www.elcolmado.de\/es\/author\/fernando\/"}]}},"_links":{"self":[{"href":"https:\/\/www.elcolmado.de\/es\/wp-json\/wp\/v2\/posts\/1736","targetHints":{"allow":["GET"]}}],"collection":[{"href":"https:\/\/www.elcolmado.de\/es\/wp-json\/wp\/v2\/posts"}],"about":[{"href":"https:\/\/www.elcolmado.de\/es\/wp-json\/wp\/v2\/types\/post"}],"author":[{"embeddable":true,"href":"https:\/\/www.elcolmado.de\/es\/wp-json\/wp\/v2\/users\/2"}],"replies":[{"embeddable":true,"href":"https:\/\/www.elcolmado.de\/es\/wp-json\/wp\/v2\/comments?post=1736"}],"version-history":[{"count":2,"href":"https:\/\/www.elcolmado.de\/es\/wp-json\/wp\/v2\/posts\/1736\/revisions"}],"predecessor-version":[{"id":1741,"href":"https:\/\/www.elcolmado.de\/es\/wp-json\/wp\/v2\/posts\/1736\/revisions\/1741"}],"wp:featuredmedia":[{"embeddable":true,"href":"https:\/\/www.elcolmado.de\/es\/wp-json\/wp\/v2\/media\/1763"}],"wp:attachment":[{"href":"https:\/\/www.elcolmado.de\/es\/wp-json\/wp\/v2\/media?parent=1736"}],"wp:term":[{"taxonomy":"category","embeddable":true,"href":"https:\/\/www.elcolmado.de\/es\/wp-json\/wp\/v2\/categories?post=1736"},{"taxonomy":"post_tag","embeddable":true,"href":"https:\/\/www.elcolmado.de\/es\/wp-json\/wp\/v2\/tags?post=1736"}],"curies":[{"name":"wp","href":"https:\/\/api.w.org\/{rel}","templated":true}]}}