{"id":1768,"date":"2019-09-09T17:47:22","date_gmt":"2019-09-09T17:47:22","guid":{"rendered":"https:\/\/www.elcolmado.de\/?p=1768"},"modified":"2019-09-09T17:47:22","modified_gmt":"2019-09-09T17:47:22","slug":"adentrate-a-la-comida-espanola-y-descubre-el-arte-de-comer-jamon-serrano","status":"publish","type":"post","link":"https:\/\/www.elcolmado.de\/es\/adentrate-a-la-comida-espanola-y-descubre-el-arte-de-comer-jamon-serrano\/","title":{"rendered":"Ad\u00e9ntrate a la comida espa\u00f1ola y descubre el arte de comer jam\u00f3n serrano"},"content":{"rendered":"<p>Llega septiembre y es imposible negar que todos miramos hacia atr\u00e1s con la esperanza de volver pronto a todos esos lugares que llenaron de vida nuestro agosto. Viajar nos ofrece la oportunidad de conocer otros paisajes, distintas culturas en sociedades diferentes a la nuestra.<\/p>\n<p><!--more--><\/p>\n<p>El Colmado es un <a href=\"https:\/\/www.elcolmado.de\/es\"><strong>Bar de tapas en Berl\u00edn<\/strong><\/a>, ello significa que no s\u00f3lo tenemos la suerte de pertenecer geogr\u00e1ficamente a la capital alemana, sino que tambi\u00e9n somos los encargados de dar a conocer, de primera mano, la <strong>comida espa\u00f1ola<\/strong> tan alejada de las costumbres berlinesas. Nuestro objetivo es acercar la cultura gastron\u00f3mica espa\u00f1ola, a base de las <a href=\"https:\/\/elcolmado.de\/es\/menu\/\"><strong>especialidades espa\u00f1olas<\/strong><\/a> tan t\u00edpicas como la tortilla de patatas, quesos y los embutidos ib\u00e9ricos, entre otras muchas que podr\u00e1s encontrar en nuestro extenso men\u00fa. Una visita por el <strong>mejor<\/strong> <strong>Bar de tapas en Berl\u00edn <\/strong>es un viaje directo a la cultura gastron\u00f3mica espa\u00f1ola, sin necesidad de embarques ni trayectos de vuelos interminables. En el Colmado ofrecemos los mejores productos espa\u00f1oles, asegurando siempre la calidad, una apuesta por las tapas como m\u00e1xima exponente de la representaci\u00f3n de la cultura gastron\u00f3mica espa\u00f1ola. Y, si alg\u00fan producto la representa, ese es el Jam\u00f3n serrano. Si quieres <strong>comer Jam\u00f3n serrano en Berl\u00edn<\/strong>, no encontrar\u00e1s un lugar mejor que el Colmado.<\/p>\n<p>&nbsp;<\/p>\n<h2>DELEITARSE CON EL JAM\u00d3N SERRANO EN BERL\u00cdN<\/h2>\n<p>&nbsp;<\/p>\n<p>S\u00ed, ya s\u00e9 que suena extra\u00f1o poder disfrutar en Berl\u00edn de un producto tan vinculado a una tierra tan lejana. Pero, la <strong>comida espa\u00f1ola<\/strong> tiene un gran \u00e9xito a nivel mundial. As\u00ed que en El Colmado hacemos tus delicias culinarias realidad. El Jam\u00f3n serrano es un producto t\u00edpico de la cultura gastron\u00f3mica espa\u00f1ola y se puede disfrutar de diferentes formas. Como el mejor <strong>Bar de tapas en Berl\u00edn<\/strong>, no hace falta casi ni mencionar que podemos servir en tapa el jam\u00f3n ib\u00e9rico como un bocado excelso para que te cautive su sabor ingobernable. Del mismo modo, quiz\u00e1 aprovechando las magn\u00edficas oportunidades en nuestros desayunos mediterr\u00e1neos, podemos ofrecerte el jam\u00f3n serrano en un bocadillo para que un mordisco te sit\u00fae al instante en el sur de Europa a la luz de un sol maravilloso abanicado por la brisa del mar mediterr\u00e1neo. Pero, por si te has levantado tarde y no puedes invertir el tiempo necesario en deleitarte de este sublime manjar, puedes dejarte seducir por su sabor, por ejemplo, a la hora de comer en forma de croquetas de jam\u00f3n ib\u00e9rico. Aunque, no es la \u00faltima forma con la que puedes fascinarte con el jam\u00f3n serrano, en El Colmado, como el gran exponente de las <strong>especialidades espa\u00f1olas <\/strong>de calidad, tenemos un profesional de corte a cuchillo del jam\u00f3n para que puedas observar c\u00f3mo se corta y recrearte en su degustaci\u00f3n en la tabla<strong>. Comer Jam\u00f3n serrano en Berl\u00edn <\/strong>es sin\u00f3nimo de El Colmado. Un viaje a la cultura gastron\u00f3mica espa\u00f1ola sin levantarte de la silla.<\/p>\n<p>&nbsp;<\/p>\n<h3>SI TE HA GUSTADO ESTE POST SOBRE \u00abAD\u00c9NTRATE A LA COMIDA ESPA\u00d1OLA Y DESCUBRE EL ARTE DE COMER JAM\u00d3N SERRANO\u00bb, SEGURAMENTE TE INTERESAR\u00c1\u2026<\/h3>\n<ul>\n<li class=\"entry_title\"><a title=\"Cestas de Navidad de El Colmado: \u00a1Regala los mejores productos espa\u00f1oles a tus trabajadores en Berl\u00edn!\" href=\"https:\/\/www.elcolmado.de\/es\/cestas-de-navidad-de-el-colmado-regala-los-mejores-productos-espanoles-a-tus-trabajadores-en-berlin\/\" target=\"_self\" rel=\"noopener noreferrer\">Cestas de Navidad de El Colmado: \u00a1Regala los mejores productos espa\u00f1oles a tus trabajadores en Berl\u00edn!<\/a><\/li>\n<li class=\"entry_title\"><a title=\"Corte a cuchillo. Visite El Colmado y descubre cual es el secreto del buen jam\u00f3n ib\u00e9rico\" href=\"https:\/\/www.elcolmado.de\/es\/corte-a-cuchillo-visite-el-colmado-y-descubre-cual-es-el-secreto-del-buen-jamon-iberico\/\" target=\"_self\" rel=\"noopener noreferrer\">Corte a cuchillo. Visite El Colmado y descubre cual es el secreto del buen jam\u00f3n ib\u00e9rico<\/a><\/li>\n<\/ul>\n","protected":false},"excerpt":{"rendered":"<p>Llega septiembre y es imposible negar que todos miramos hacia atr\u00e1s con la esperanza de volver pronto a todos esos lugares que llenaron de vida nuestro agosto. Viajar nos ofrece la oportunidad de conocer otros paisajes, distintas culturas en sociedades diferentes a la nuestra.<\/p>\n","protected":false},"author":2,"featured_media":1769,"comment_status":"open","ping_status":"open","sticky":false,"template":"","format":"standard","meta":{"footnotes":""},"categories":[7],"tags":[13,18,64,15,48],"class_list":["post-1768","post","type-post","status-publish","format-standard","has-post-thumbnail","hentry","category-jamon-iberico","tag-bar-de-tapas-en-berlin","tag-jamon-iberico","tag-jamon-serrano","tag-restaurante-espanol","tag-tapas-espanolas"],"yoast_head":"<!-- This site is optimized with the Yoast SEO plugin v27.5 - https:\/\/yoast.com\/product\/yoast-seo-wordpress\/ -->\n<title>Ad\u00e9ntrate a la comida espa\u00f1ola y descubre el arte de comer jam\u00f3n serrano| El Colmado<\/title>\n<meta name=\"description\" content=\"Si alg\u00fan producto la representa, ese es el Jam\u00f3n serrano. Si quieres comer Jam\u00f3n serrano en Berl\u00edn, no encontrar\u00e1s un lugar mejor que el Colmado....\" \/>\n<meta name=\"robots\" content=\"index, follow, max-snippet:-1, max-image-preview:large, max-video-preview:-1\" \/>\n<link rel=\"canonical\" href=\"https:\/\/www.elcolmado.de\/es\/adentrate-a-la-comida-espanola-y-descubre-el-arte-de-comer-jamon-serrano\/\" \/>\n<meta property=\"og:locale\" content=\"es_ES\" \/>\n<meta property=\"og:type\" content=\"article\" \/>\n<meta property=\"og:title\" content=\"Ad\u00e9ntrate a la comida espa\u00f1ola y descubre el arte de comer jam\u00f3n serrano| El Colmado\" \/>\n<meta property=\"og:description\" content=\"Si alg\u00fan producto la representa, ese es el Jam\u00f3n serrano. Si quieres comer Jam\u00f3n serrano en Berl\u00edn, no encontrar\u00e1s un lugar mejor que el Colmado....\" \/>\n<meta property=\"og:url\" content=\"https:\/\/www.elcolmado.de\/es\/adentrate-a-la-comida-espanola-y-descubre-el-arte-de-comer-jamon-serrano\/\" \/>\n<meta property=\"og:site_name\" content=\"elcolmado.de\" \/>\n<meta property=\"article:published_time\" content=\"2019-09-09T17:47:22+00:00\" \/>\n<meta property=\"og:image\" content=\"https:\/\/www.elcolmado.de\/wp-content\/uploads\/2019\/09\/Adentrate-a-la-comida-espanola-y-descubre-el-arte-de-comer-jamon-serrano.jpg\" \/>\n\t<meta property=\"og:image:width\" content=\"1000\" \/>\n\t<meta property=\"og:image:height\" content=\"667\" \/>\n\t<meta property=\"og:image:type\" content=\"image\/jpeg\" \/>\n<meta name=\"author\" content=\"Fernando Mart\u00edn\" \/>\n<meta name=\"twitter:card\" content=\"summary_large_image\" \/>\n<meta name=\"twitter:label1\" content=\"Escrito por\" \/>\n\t<meta name=\"twitter:data1\" content=\"Fernando Mart\u00edn\" \/>\n\t<meta name=\"twitter:label2\" content=\"Tiempo de lectura\" \/>\n\t<meta name=\"twitter:data2\" content=\"3 minutos\" \/>\n<script type=\"application\/ld+json\" class=\"yoast-schema-graph\">{\"@context\":\"https:\\\/\\\/schema.org\",\"@graph\":[{\"@type\":\"Article\",\"@id\":\"https:\\\/\\\/www.elcolmado.de\\\/es\\\/adentrate-a-la-comida-espanola-y-descubre-el-arte-de-comer-jamon-serrano\\\/#article\",\"isPartOf\":{\"@id\":\"https:\\\/\\\/www.elcolmado.de\\\/es\\\/adentrate-a-la-comida-espanola-y-descubre-el-arte-de-comer-jamon-serrano\\\/\"},\"author\":{\"name\":\"Fernando Mart\u00edn\",\"@id\":\"https:\\\/\\\/www.elcolmado.de\\\/#\\\/schema\\\/person\\\/10a4657c35ed10b2a0dc5ccaed3a5e6b\"},\"headline\":\"Ad\u00e9ntrate a la comida espa\u00f1ola y descubre el arte de comer jam\u00f3n serrano\",\"datePublished\":\"2019-09-09T17:47:22+00:00\",\"mainEntityOfPage\":{\"@id\":\"https:\\\/\\\/www.elcolmado.de\\\/es\\\/adentrate-a-la-comida-espanola-y-descubre-el-arte-de-comer-jamon-serrano\\\/\"},\"wordCount\":604,\"commentCount\":0,\"image\":{\"@id\":\"https:\\\/\\\/www.elcolmado.de\\\/es\\\/adentrate-a-la-comida-espanola-y-descubre-el-arte-de-comer-jamon-serrano\\\/#primaryimage\"},\"thumbnailUrl\":\"https:\\\/\\\/www.elcolmado.de\\\/wp-content\\\/uploads\\\/2019\\\/09\\\/Adentrate-a-la-comida-espanola-y-descubre-el-arte-de-comer-jamon-serrano.jpg\",\"keywords\":[\"Bar de Tapas en Berl\u00edn\",\"Jam\u00f3n Ib\u00e9rico\",\"Jam\u00f3n Serrano\",\"Restaurante Espa\u00f1ol\",\"Tapas Espa\u00f1olas\"],\"articleSection\":[\"Jam\u00f3n Ib\u00e9rico\"],\"inLanguage\":\"es\",\"potentialAction\":[{\"@type\":\"CommentAction\",\"name\":\"Comment\",\"target\":[\"https:\\\/\\\/www.elcolmado.de\\\/es\\\/adentrate-a-la-comida-espanola-y-descubre-el-arte-de-comer-jamon-serrano\\\/#respond\"]}]},{\"@type\":\"WebPage\",\"@id\":\"https:\\\/\\\/www.elcolmado.de\\\/es\\\/adentrate-a-la-comida-espanola-y-descubre-el-arte-de-comer-jamon-serrano\\\/\",\"url\":\"https:\\\/\\\/www.elcolmado.de\\\/es\\\/adentrate-a-la-comida-espanola-y-descubre-el-arte-de-comer-jamon-serrano\\\/\",\"name\":\"Ad\u00e9ntrate a la comida espa\u00f1ola y descubre el arte de comer jam\u00f3n serrano| El Colmado\",\"isPartOf\":{\"@id\":\"https:\\\/\\\/www.elcolmado.de\\\/#website\"},\"primaryImageOfPage\":{\"@id\":\"https:\\\/\\\/www.elcolmado.de\\\/es\\\/adentrate-a-la-comida-espanola-y-descubre-el-arte-de-comer-jamon-serrano\\\/#primaryimage\"},\"image\":{\"@id\":\"https:\\\/\\\/www.elcolmado.de\\\/es\\\/adentrate-a-la-comida-espanola-y-descubre-el-arte-de-comer-jamon-serrano\\\/#primaryimage\"},\"thumbnailUrl\":\"https:\\\/\\\/www.elcolmado.de\\\/wp-content\\\/uploads\\\/2019\\\/09\\\/Adentrate-a-la-comida-espanola-y-descubre-el-arte-de-comer-jamon-serrano.jpg\",\"datePublished\":\"2019-09-09T17:47:22+00:00\",\"author\":{\"@id\":\"https:\\\/\\\/www.elcolmado.de\\\/#\\\/schema\\\/person\\\/10a4657c35ed10b2a0dc5ccaed3a5e6b\"},\"description\":\"Si alg\u00fan producto la representa, ese es el Jam\u00f3n serrano. Si quieres comer Jam\u00f3n serrano en Berl\u00edn, no encontrar\u00e1s un lugar mejor que el Colmado....\",\"breadcrumb\":{\"@id\":\"https:\\\/\\\/www.elcolmado.de\\\/es\\\/adentrate-a-la-comida-espanola-y-descubre-el-arte-de-comer-jamon-serrano\\\/#breadcrumb\"},\"inLanguage\":\"es\",\"potentialAction\":[{\"@type\":\"ReadAction\",\"target\":[\"https:\\\/\\\/www.elcolmado.de\\\/es\\\/adentrate-a-la-comida-espanola-y-descubre-el-arte-de-comer-jamon-serrano\\\/\"]}]},{\"@type\":\"ImageObject\",\"inLanguage\":\"es\",\"@id\":\"https:\\\/\\\/www.elcolmado.de\\\/es\\\/adentrate-a-la-comida-espanola-y-descubre-el-arte-de-comer-jamon-serrano\\\/#primaryimage\",\"url\":\"https:\\\/\\\/www.elcolmado.de\\\/wp-content\\\/uploads\\\/2019\\\/09\\\/Adentrate-a-la-comida-espanola-y-descubre-el-arte-de-comer-jamon-serrano.jpg\",\"contentUrl\":\"https:\\\/\\\/www.elcolmado.de\\\/wp-content\\\/uploads\\\/2019\\\/09\\\/Adentrate-a-la-comida-espanola-y-descubre-el-arte-de-comer-jamon-serrano.jpg\",\"width\":1000,\"height\":667},{\"@type\":\"BreadcrumbList\",\"@id\":\"https:\\\/\\\/www.elcolmado.de\\\/es\\\/adentrate-a-la-comida-espanola-y-descubre-el-arte-de-comer-jamon-serrano\\\/#breadcrumb\",\"itemListElement\":[{\"@type\":\"ListItem\",\"position\":1,\"name\":\"Portada\",\"item\":\"https:\\\/\\\/www.elcolmado.de\\\/es\\\/\"},{\"@type\":\"ListItem\",\"position\":2,\"name\":\"Ad\u00e9ntrate a la comida espa\u00f1ola y descubre el arte de comer jam\u00f3n serrano\"}]},{\"@type\":\"WebSite\",\"@id\":\"https:\\\/\\\/www.elcolmado.de\\\/#website\",\"url\":\"https:\\\/\\\/www.elcolmado.de\\\/\",\"name\":\"elcolmado.de\",\"description\":\"Bar Tapas Berlin\",\"potentialAction\":[{\"@type\":\"SearchAction\",\"target\":{\"@type\":\"EntryPoint\",\"urlTemplate\":\"https:\\\/\\\/www.elcolmado.de\\\/?s={search_term_string}\"},\"query-input\":{\"@type\":\"PropertyValueSpecification\",\"valueRequired\":true,\"valueName\":\"search_term_string\"}}],\"inLanguage\":\"es\"},{\"@type\":\"Person\",\"@id\":\"https:\\\/\\\/www.elcolmado.de\\\/#\\\/schema\\\/person\\\/10a4657c35ed10b2a0dc5ccaed3a5e6b\",\"name\":\"Fernando Mart\u00edn\",\"image\":{\"@type\":\"ImageObject\",\"inLanguage\":\"es\",\"@id\":\"https:\\\/\\\/secure.gravatar.com\\\/avatar\\\/d772dd7ff38aa047368b131f5378c5c2bd76585cad96272dc5d7cddb4a556c32?s=96&d=mm&r=g\",\"url\":\"https:\\\/\\\/secure.gravatar.com\\\/avatar\\\/d772dd7ff38aa047368b131f5378c5c2bd76585cad96272dc5d7cddb4a556c32?s=96&d=mm&r=g\",\"contentUrl\":\"https:\\\/\\\/secure.gravatar.com\\\/avatar\\\/d772dd7ff38aa047368b131f5378c5c2bd76585cad96272dc5d7cddb4a556c32?s=96&d=mm&r=g\",\"caption\":\"Fernando Mart\u00edn\"},\"sameAs\":[\"http:\\\/\\\/www.osobukomedia.com\"],\"url\":\"https:\\\/\\\/www.elcolmado.de\\\/es\\\/author\\\/fernando\\\/\"}]}<\/script>\n<!-- \/ Yoast SEO plugin. -->","yoast_head_json":{"title":"Ad\u00e9ntrate a la comida espa\u00f1ola y descubre el arte de comer jam\u00f3n serrano| El Colmado","description":"Si alg\u00fan producto la representa, ese es el Jam\u00f3n serrano. Si quieres comer Jam\u00f3n serrano en Berl\u00edn, no encontrar\u00e1s un lugar mejor que el Colmado....","robots":{"index":"index","follow":"follow","max-snippet":"max-snippet:-1","max-image-preview":"max-image-preview:large","max-video-preview":"max-video-preview:-1"},"canonical":"https:\/\/www.elcolmado.de\/es\/adentrate-a-la-comida-espanola-y-descubre-el-arte-de-comer-jamon-serrano\/","og_locale":"es_ES","og_type":"article","og_title":"Ad\u00e9ntrate a la comida espa\u00f1ola y descubre el arte de comer jam\u00f3n serrano| El Colmado","og_description":"Si alg\u00fan producto la representa, ese es el Jam\u00f3n serrano. Si quieres comer Jam\u00f3n serrano en Berl\u00edn, no encontrar\u00e1s un lugar mejor que el Colmado....","og_url":"https:\/\/www.elcolmado.de\/es\/adentrate-a-la-comida-espanola-y-descubre-el-arte-de-comer-jamon-serrano\/","og_site_name":"elcolmado.de","article_published_time":"2019-09-09T17:47:22+00:00","og_image":[{"width":1000,"height":667,"url":"https:\/\/www.elcolmado.de\/wp-content\/uploads\/2019\/09\/Adentrate-a-la-comida-espanola-y-descubre-el-arte-de-comer-jamon-serrano.jpg","type":"image\/jpeg"}],"author":"Fernando Mart\u00edn","twitter_card":"summary_large_image","twitter_misc":{"Escrito por":"Fernando Mart\u00edn","Tiempo de lectura":"3 minutos"},"schema":{"@context":"https:\/\/schema.org","@graph":[{"@type":"Article","@id":"https:\/\/www.elcolmado.de\/es\/adentrate-a-la-comida-espanola-y-descubre-el-arte-de-comer-jamon-serrano\/#article","isPartOf":{"@id":"https:\/\/www.elcolmado.de\/es\/adentrate-a-la-comida-espanola-y-descubre-el-arte-de-comer-jamon-serrano\/"},"author":{"name":"Fernando Mart\u00edn","@id":"https:\/\/www.elcolmado.de\/#\/schema\/person\/10a4657c35ed10b2a0dc5ccaed3a5e6b"},"headline":"Ad\u00e9ntrate a la comida espa\u00f1ola y descubre el arte de comer jam\u00f3n serrano","datePublished":"2019-09-09T17:47:22+00:00","mainEntityOfPage":{"@id":"https:\/\/www.elcolmado.de\/es\/adentrate-a-la-comida-espanola-y-descubre-el-arte-de-comer-jamon-serrano\/"},"wordCount":604,"commentCount":0,"image":{"@id":"https:\/\/www.elcolmado.de\/es\/adentrate-a-la-comida-espanola-y-descubre-el-arte-de-comer-jamon-serrano\/#primaryimage"},"thumbnailUrl":"https:\/\/www.elcolmado.de\/wp-content\/uploads\/2019\/09\/Adentrate-a-la-comida-espanola-y-descubre-el-arte-de-comer-jamon-serrano.jpg","keywords":["Bar de Tapas en Berl\u00edn","Jam\u00f3n Ib\u00e9rico","Jam\u00f3n Serrano","Restaurante Espa\u00f1ol","Tapas Espa\u00f1olas"],"articleSection":["Jam\u00f3n Ib\u00e9rico"],"inLanguage":"es","potentialAction":[{"@type":"CommentAction","name":"Comment","target":["https:\/\/www.elcolmado.de\/es\/adentrate-a-la-comida-espanola-y-descubre-el-arte-de-comer-jamon-serrano\/#respond"]}]},{"@type":"WebPage","@id":"https:\/\/www.elcolmado.de\/es\/adentrate-a-la-comida-espanola-y-descubre-el-arte-de-comer-jamon-serrano\/","url":"https:\/\/www.elcolmado.de\/es\/adentrate-a-la-comida-espanola-y-descubre-el-arte-de-comer-jamon-serrano\/","name":"Ad\u00e9ntrate a la comida espa\u00f1ola y descubre el arte de comer jam\u00f3n serrano| El Colmado","isPartOf":{"@id":"https:\/\/www.elcolmado.de\/#website"},"primaryImageOfPage":{"@id":"https:\/\/www.elcolmado.de\/es\/adentrate-a-la-comida-espanola-y-descubre-el-arte-de-comer-jamon-serrano\/#primaryimage"},"image":{"@id":"https:\/\/www.elcolmado.de\/es\/adentrate-a-la-comida-espanola-y-descubre-el-arte-de-comer-jamon-serrano\/#primaryimage"},"thumbnailUrl":"https:\/\/www.elcolmado.de\/wp-content\/uploads\/2019\/09\/Adentrate-a-la-comida-espanola-y-descubre-el-arte-de-comer-jamon-serrano.jpg","datePublished":"2019-09-09T17:47:22+00:00","author":{"@id":"https:\/\/www.elcolmado.de\/#\/schema\/person\/10a4657c35ed10b2a0dc5ccaed3a5e6b"},"description":"Si alg\u00fan producto la representa, ese es el Jam\u00f3n serrano. Si quieres comer Jam\u00f3n serrano en Berl\u00edn, no encontrar\u00e1s un lugar mejor que el Colmado....","breadcrumb":{"@id":"https:\/\/www.elcolmado.de\/es\/adentrate-a-la-comida-espanola-y-descubre-el-arte-de-comer-jamon-serrano\/#breadcrumb"},"inLanguage":"es","potentialAction":[{"@type":"ReadAction","target":["https:\/\/www.elcolmado.de\/es\/adentrate-a-la-comida-espanola-y-descubre-el-arte-de-comer-jamon-serrano\/"]}]},{"@type":"ImageObject","inLanguage":"es","@id":"https:\/\/www.elcolmado.de\/es\/adentrate-a-la-comida-espanola-y-descubre-el-arte-de-comer-jamon-serrano\/#primaryimage","url":"https:\/\/www.elcolmado.de\/wp-content\/uploads\/2019\/09\/Adentrate-a-la-comida-espanola-y-descubre-el-arte-de-comer-jamon-serrano.jpg","contentUrl":"https:\/\/www.elcolmado.de\/wp-content\/uploads\/2019\/09\/Adentrate-a-la-comida-espanola-y-descubre-el-arte-de-comer-jamon-serrano.jpg","width":1000,"height":667},{"@type":"BreadcrumbList","@id":"https:\/\/www.elcolmado.de\/es\/adentrate-a-la-comida-espanola-y-descubre-el-arte-de-comer-jamon-serrano\/#breadcrumb","itemListElement":[{"@type":"ListItem","position":1,"name":"Portada","item":"https:\/\/www.elcolmado.de\/es\/"},{"@type":"ListItem","position":2,"name":"Ad\u00e9ntrate a la comida espa\u00f1ola y descubre el arte de comer jam\u00f3n serrano"}]},{"@type":"WebSite","@id":"https:\/\/www.elcolmado.de\/#website","url":"https:\/\/www.elcolmado.de\/","name":"elcolmado.de","description":"Bar Tapas Berlin","potentialAction":[{"@type":"SearchAction","target":{"@type":"EntryPoint","urlTemplate":"https:\/\/www.elcolmado.de\/?s={search_term_string}"},"query-input":{"@type":"PropertyValueSpecification","valueRequired":true,"valueName":"search_term_string"}}],"inLanguage":"es"},{"@type":"Person","@id":"https:\/\/www.elcolmado.de\/#\/schema\/person\/10a4657c35ed10b2a0dc5ccaed3a5e6b","name":"Fernando Mart\u00edn","image":{"@type":"ImageObject","inLanguage":"es","@id":"https:\/\/secure.gravatar.com\/avatar\/d772dd7ff38aa047368b131f5378c5c2bd76585cad96272dc5d7cddb4a556c32?s=96&d=mm&r=g","url":"https:\/\/secure.gravatar.com\/avatar\/d772dd7ff38aa047368b131f5378c5c2bd76585cad96272dc5d7cddb4a556c32?s=96&d=mm&r=g","contentUrl":"https:\/\/secure.gravatar.com\/avatar\/d772dd7ff38aa047368b131f5378c5c2bd76585cad96272dc5d7cddb4a556c32?s=96&d=mm&r=g","caption":"Fernando Mart\u00edn"},"sameAs":["http:\/\/www.osobukomedia.com"],"url":"https:\/\/www.elcolmado.de\/es\/author\/fernando\/"}]}},"_links":{"self":[{"href":"https:\/\/www.elcolmado.de\/es\/wp-json\/wp\/v2\/posts\/1768","targetHints":{"allow":["GET"]}}],"collection":[{"href":"https:\/\/www.elcolmado.de\/es\/wp-json\/wp\/v2\/posts"}],"about":[{"href":"https:\/\/www.elcolmado.de\/es\/wp-json\/wp\/v2\/types\/post"}],"author":[{"embeddable":true,"href":"https:\/\/www.elcolmado.de\/es\/wp-json\/wp\/v2\/users\/2"}],"replies":[{"embeddable":true,"href":"https:\/\/www.elcolmado.de\/es\/wp-json\/wp\/v2\/comments?post=1768"}],"version-history":[{"count":1,"href":"https:\/\/www.elcolmado.de\/es\/wp-json\/wp\/v2\/posts\/1768\/revisions"}],"predecessor-version":[{"id":1772,"href":"https:\/\/www.elcolmado.de\/es\/wp-json\/wp\/v2\/posts\/1768\/revisions\/1772"}],"wp:featuredmedia":[{"embeddable":true,"href":"https:\/\/www.elcolmado.de\/es\/wp-json\/wp\/v2\/media\/1769"}],"wp:attachment":[{"href":"https:\/\/www.elcolmado.de\/es\/wp-json\/wp\/v2\/media?parent=1768"}],"wp:term":[{"taxonomy":"category","embeddable":true,"href":"https:\/\/www.elcolmado.de\/es\/wp-json\/wp\/v2\/categories?post=1768"},{"taxonomy":"post_tag","embeddable":true,"href":"https:\/\/www.elcolmado.de\/es\/wp-json\/wp\/v2\/tags?post=1768"}],"curies":[{"name":"wp","href":"https:\/\/api.w.org\/{rel}","templated":true}]}}