{"id":1990,"date":"2019-12-31T19:34:16","date_gmt":"2019-12-31T19:34:16","guid":{"rendered":"https:\/\/www.elcolmado.de\/?p=1990"},"modified":"2019-12-31T19:34:16","modified_gmt":"2019-12-31T19:34:16","slug":"seguimos-orgullosos-de-poder-formar-parte-de-la-ong-marysmeals-un-ano-mas","status":"publish","type":"post","link":"https:\/\/www.elcolmado.de\/es\/seguimos-orgullosos-de-poder-formar-parte-de-la-ong-marysmeals-un-ano-mas\/","title":{"rendered":"Seguimos orgullosos de poder formar parte de la ONG Mary\u2019sMeals \u00a1un a\u00f1o m\u00e1s!"},"content":{"rendered":"<p>El fr\u00edo se ha apoderado de la ciudad, aunquela gente se pasea en familia y las luces dan brillo a las calles de Berl\u00edn. Ya est\u00e1 aqu\u00ed la Navidad. <strong>En el Colmado no somos ajenos a ello, y entre otros muchos servicios, te ofrecemos cestas de Navidad con productos espa\u00f1oles con las que encandilar a tus seres m\u00e1s queridos. Sin embargo, somos un <a href=\"https:\/\/www.elcolmado.de\/es\/\">Restaurante Espa\u00f1ol en Berl\u00edn <\/a>peculiar. <\/strong><\/p>\n<p><!--more--><\/p>\n<p>Aun teniendo en cuenta que apostar, en estos lares, por las tapas y otros productos espa\u00f1oles ya es de por s\u00ed una particularidad rese\u00f1able, nuestro objetivo siempre fue ir un paso m\u00e1s all\u00e1. Es innegable el peso de la influencia de la gastronom\u00eda espa\u00f1ola en la mundial,as\u00ed que el merito de llevarla hasta aqu\u00ed recae en c\u00f3mo representar fielmente todos sus productos y formas logrando una calidadexcelsaen todos los platos. No obstante, importar facetas de la cultura gastron\u00f3mica espa\u00f1ola es un pretexto para poder ayudar a gente que lo necesita. <strong>En estas semanas en las que nos reunimos en familia, encontr\u00e1ndonos con personas queridas que, quiz\u00e1, hace tiempo que no vemos, es un buen momento para recordar que El Colmado sigue, un a\u00f1o m\u00e1s, apoyando a quienes m\u00e1s lo necesitan de la mano de la ONG Mary\u2019sMeals.<\/strong><\/p>\n<p><strong>\u00a0<\/strong><\/p>\n<h2>EL COLMADO Y LA ONG MARY\u2019S MEALS ALIMENTAMOS A LOS M\u00c1S NECESITADOS<\/h2>\n<p>Somos conscientes de la diversidad del planeta, as\u00ed como la triste divisi\u00f3n entre el primer mundo y el tercero, con todo lo que conlleva pertenecer a este \u00faltimo. Pero, entendemos que mirar hacia otro lado no es la soluci\u00f3n, que debemos ayudar a quienes m\u00e1s lo necesitan. Y parece dif\u00edcil que desde un <strong>Restaurante Espa\u00f1ol en Berl\u00edn <\/strong>puedas alimentar a ni\u00f1os que padecen hambre, pero, s\u00ed que puedes. Gracias a la colaboraci\u00f3n que mantenemos con la <strong>ONG Mary\u2019sMeals, <\/strong>cada producto que consumas en El Colmado logras alimentar a cinco ni\u00f1os que padecen hambre. En estas fechas tan se\u00f1aladas, te invitamos a nuestro establecimiento para que la rueda del cambio siga girando, y desde un <strong>Restaurante Espa\u00f1ol en Berl\u00edn, <\/strong>consigamos que ni\u00f1os que no pueden alimentarse diariamente reciban una alimentaci\u00f3n necesaria y saludable. Comida por comida, ese es nuestro lema que hemos impulsado juntamente con la <strong>ONG Mary\u2019sMeals. <\/strong>Nuestro empe\u00f1o por representar e impulsar la cultura gastron\u00f3mica espa\u00f1ola no ha frenado nuestra vocaci\u00f3n humanitaria. La injusticia del hambre es algo a combatir, y desde El Colmado, podr\u00e1s hacerlo. Ven a degustar nuestro Jam\u00f3n Serrano, quesos, vinos y en ese instante tambi\u00e9n estar\u00e1s alimentando a ni\u00f1os que padecen hambre. Cambiar el mundo es necesario, con nosotros es posible.<\/p>\n<p>&nbsp;<\/p>\n<h3>SI TE HA GUSTADO ESTE POST SOBRE \u00abSEGUIMOS ORGULLOSOS DE PODER FORMAR PARTE DE LA ONG MARY\u2019SMEALS \u00a1UN A\u00d1O M\u00c1S!\u00bbSEGURAMENTE TE INTERESAR\u00c1\u2026<\/h3>\n<ul>\n<li class=\"entry_title\"><a title=\"En el Colmado, te proponemos un reto \u00bfConoces los productos de mayor calidad de la gastronom\u00eda espa\u00f1ola?\" href=\"https:\/\/www.elcolmado.de\/es\/en-el-colmado-te-proponemos-un-reto-conoces-los-productos-de-mayor-calidad-de-la-gastronomia-espanola\/\" target=\"_self\" rel=\"noopener noreferrer\">En el Colmado, te proponemos un reto \u00bfConoces los productos de mayor calidad de la gastronom\u00eda espa\u00f1ola?<\/a><\/li>\n<li class=\"entry_title\"><a title=\"Regala Espa\u00f1a en Navidad: Cestas de Navidad y Cenas de empresa en El Colmado\" href=\"https:\/\/www.elcolmado.de\/es\/regala-espana-en-navidad-cestas-de-navidad-y-cenas-de-empresa-en-el-colmado\/\" target=\"_self\" rel=\"noopener noreferrer\">Regala Espa\u00f1a en Navidad: Cestas de Navidad y Cenas de empresa en El Colmado<\/a><\/li>\n<\/ul>\n","protected":false},"excerpt":{"rendered":"<p>El fr\u00edo se ha apoderado de la ciudad, aunquela gente se pasea en familia y las luces dan brillo a las calles de Berl\u00edn. Ya est\u00e1 aqu\u00ed la Navidad. En el Colmado no somos ajenos a ello, y entre otros muchos servicios, te ofrecemos cestas&#8230;<\/p>\n","protected":false},"author":2,"featured_media":1991,"comment_status":"open","ping_status":"open","sticky":false,"template":"","format":"standard","meta":{"footnotes":""},"categories":[88],"tags":[13,47,19,89,15],"class_list":["post-1990","post","type-post","status-publish","format-standard","has-post-thumbnail","hentry","category-ong-marysmeals","tag-bar-de-tapas-en-berlin","tag-el-colmado-es","tag-el-colmado-y-merys-meals","tag-ong-marysmeals","tag-restaurante-espanol"],"yoast_head":"<!-- This site is optimized with the Yoast SEO plugin v27.4 - https:\/\/yoast.com\/product\/yoast-seo-wordpress\/ -->\n<title>Seguimos orgullosos de poder formar parte de la ONG Mary\u2019s Meals \u00a1un a\u00f1o m\u00e1s!| El Colmado<\/title>\n<meta name=\"description\" content=\"Es un buen momento para recordar que El Colmado sigue, un a\u00f1o m\u00e1s, apoyando a quienes m\u00e1s lo necesitan de la mano de la ONG Mary\u2019sMeals.\u00a0\" \/>\n<meta name=\"robots\" content=\"index, follow, max-snippet:-1, max-image-preview:large, max-video-preview:-1\" \/>\n<link rel=\"canonical\" href=\"https:\/\/www.elcolmado.de\/es\/seguimos-orgullosos-de-poder-formar-parte-de-la-ong-marysmeals-un-ano-mas\/\" \/>\n<meta property=\"og:locale\" content=\"es_ES\" \/>\n<meta property=\"og:type\" content=\"article\" \/>\n<meta property=\"og:title\" content=\"Seguimos orgullosos de poder formar parte de la ONG Mary\u2019s Meals \u00a1un a\u00f1o m\u00e1s!| El Colmado\" \/>\n<meta property=\"og:description\" content=\"Es un buen momento para recordar que El Colmado sigue, un a\u00f1o m\u00e1s, apoyando a quienes m\u00e1s lo necesitan de la mano de la ONG Mary\u2019sMeals.\u00a0\" \/>\n<meta property=\"og:url\" content=\"https:\/\/www.elcolmado.de\/es\/seguimos-orgullosos-de-poder-formar-parte-de-la-ong-marysmeals-un-ano-mas\/\" \/>\n<meta property=\"og:site_name\" content=\"elcolmado.de\" \/>\n<meta property=\"article:published_time\" content=\"2019-12-31T19:34:16+00:00\" \/>\n<meta property=\"og:image\" content=\"https:\/\/www.elcolmado.de\/wp-content\/uploads\/2019\/12\/Seguimos-orgullosos-de-poder-formar-parte-de-la-ONG-MarysMeals-un-ano-mas.jpg\" \/>\n\t<meta property=\"og:image:width\" content=\"1000\" \/>\n\t<meta property=\"og:image:height\" content=\"667\" \/>\n\t<meta property=\"og:image:type\" content=\"image\/jpeg\" \/>\n<meta name=\"author\" content=\"Fernando Mart\u00edn\" \/>\n<meta name=\"twitter:card\" content=\"summary_large_image\" \/>\n<meta name=\"twitter:label1\" content=\"Escrito por\" \/>\n\t<meta name=\"twitter:data1\" content=\"Fernando Mart\u00edn\" \/>\n\t<meta name=\"twitter:label2\" content=\"Tiempo de lectura\" \/>\n\t<meta name=\"twitter:data2\" content=\"3 minutos\" \/>\n<script type=\"application\/ld+json\" class=\"yoast-schema-graph\">{\"@context\":\"https:\\\/\\\/schema.org\",\"@graph\":[{\"@type\":\"Article\",\"@id\":\"https:\\\/\\\/www.elcolmado.de\\\/es\\\/seguimos-orgullosos-de-poder-formar-parte-de-la-ong-marysmeals-un-ano-mas\\\/#article\",\"isPartOf\":{\"@id\":\"https:\\\/\\\/www.elcolmado.de\\\/es\\\/seguimos-orgullosos-de-poder-formar-parte-de-la-ong-marysmeals-un-ano-mas\\\/\"},\"author\":{\"name\":\"Fernando Mart\u00edn\",\"@id\":\"https:\\\/\\\/www.elcolmado.de\\\/#\\\/schema\\\/person\\\/10a4657c35ed10b2a0dc5ccaed3a5e6b\"},\"headline\":\"Seguimos orgullosos de poder formar parte de la ONG Mary\u2019sMeals \u00a1un a\u00f1o m\u00e1s!\",\"datePublished\":\"2019-12-31T19:34:16+00:00\",\"mainEntityOfPage\":{\"@id\":\"https:\\\/\\\/www.elcolmado.de\\\/es\\\/seguimos-orgullosos-de-poder-formar-parte-de-la-ong-marysmeals-un-ano-mas\\\/\"},\"wordCount\":547,\"commentCount\":0,\"image\":{\"@id\":\"https:\\\/\\\/www.elcolmado.de\\\/es\\\/seguimos-orgullosos-de-poder-formar-parte-de-la-ong-marysmeals-un-ano-mas\\\/#primaryimage\"},\"thumbnailUrl\":\"https:\\\/\\\/www.elcolmado.de\\\/wp-content\\\/uploads\\\/2019\\\/12\\\/Seguimos-orgullosos-de-poder-formar-parte-de-la-ONG-MarysMeals-un-ano-mas.jpg\",\"keywords\":[\"Bar de Tapas en Berl\u00edn\",\"El Colmado\",\"El Colmado y Mery's Meals\",\"ONG Mary\u2019sMeals\",\"Restaurante Espa\u00f1ol\"],\"articleSection\":[\"ONG Mary\u2019sMeals.\"],\"inLanguage\":\"es\",\"potentialAction\":[{\"@type\":\"CommentAction\",\"name\":\"Comment\",\"target\":[\"https:\\\/\\\/www.elcolmado.de\\\/es\\\/seguimos-orgullosos-de-poder-formar-parte-de-la-ong-marysmeals-un-ano-mas\\\/#respond\"]}]},{\"@type\":\"WebPage\",\"@id\":\"https:\\\/\\\/www.elcolmado.de\\\/es\\\/seguimos-orgullosos-de-poder-formar-parte-de-la-ong-marysmeals-un-ano-mas\\\/\",\"url\":\"https:\\\/\\\/www.elcolmado.de\\\/es\\\/seguimos-orgullosos-de-poder-formar-parte-de-la-ong-marysmeals-un-ano-mas\\\/\",\"name\":\"Seguimos orgullosos de poder formar parte de la ONG Mary\u2019s Meals \u00a1un a\u00f1o m\u00e1s!| El Colmado\",\"isPartOf\":{\"@id\":\"https:\\\/\\\/www.elcolmado.de\\\/#website\"},\"primaryImageOfPage\":{\"@id\":\"https:\\\/\\\/www.elcolmado.de\\\/es\\\/seguimos-orgullosos-de-poder-formar-parte-de-la-ong-marysmeals-un-ano-mas\\\/#primaryimage\"},\"image\":{\"@id\":\"https:\\\/\\\/www.elcolmado.de\\\/es\\\/seguimos-orgullosos-de-poder-formar-parte-de-la-ong-marysmeals-un-ano-mas\\\/#primaryimage\"},\"thumbnailUrl\":\"https:\\\/\\\/www.elcolmado.de\\\/wp-content\\\/uploads\\\/2019\\\/12\\\/Seguimos-orgullosos-de-poder-formar-parte-de-la-ONG-MarysMeals-un-ano-mas.jpg\",\"datePublished\":\"2019-12-31T19:34:16+00:00\",\"author\":{\"@id\":\"https:\\\/\\\/www.elcolmado.de\\\/#\\\/schema\\\/person\\\/10a4657c35ed10b2a0dc5ccaed3a5e6b\"},\"description\":\"Es un buen momento para recordar que El Colmado sigue, un a\u00f1o m\u00e1s, apoyando a quienes m\u00e1s lo necesitan de la mano de la ONG Mary\u2019sMeals.\u00a0\",\"breadcrumb\":{\"@id\":\"https:\\\/\\\/www.elcolmado.de\\\/es\\\/seguimos-orgullosos-de-poder-formar-parte-de-la-ong-marysmeals-un-ano-mas\\\/#breadcrumb\"},\"inLanguage\":\"es\",\"potentialAction\":[{\"@type\":\"ReadAction\",\"target\":[\"https:\\\/\\\/www.elcolmado.de\\\/es\\\/seguimos-orgullosos-de-poder-formar-parte-de-la-ong-marysmeals-un-ano-mas\\\/\"]}]},{\"@type\":\"ImageObject\",\"inLanguage\":\"es\",\"@id\":\"https:\\\/\\\/www.elcolmado.de\\\/es\\\/seguimos-orgullosos-de-poder-formar-parte-de-la-ong-marysmeals-un-ano-mas\\\/#primaryimage\",\"url\":\"https:\\\/\\\/www.elcolmado.de\\\/wp-content\\\/uploads\\\/2019\\\/12\\\/Seguimos-orgullosos-de-poder-formar-parte-de-la-ONG-MarysMeals-un-ano-mas.jpg\",\"contentUrl\":\"https:\\\/\\\/www.elcolmado.de\\\/wp-content\\\/uploads\\\/2019\\\/12\\\/Seguimos-orgullosos-de-poder-formar-parte-de-la-ONG-MarysMeals-un-ano-mas.jpg\",\"width\":1000,\"height\":667},{\"@type\":\"BreadcrumbList\",\"@id\":\"https:\\\/\\\/www.elcolmado.de\\\/es\\\/seguimos-orgullosos-de-poder-formar-parte-de-la-ong-marysmeals-un-ano-mas\\\/#breadcrumb\",\"itemListElement\":[{\"@type\":\"ListItem\",\"position\":1,\"name\":\"Portada\",\"item\":\"https:\\\/\\\/www.elcolmado.de\\\/es\\\/\"},{\"@type\":\"ListItem\",\"position\":2,\"name\":\"Seguimos orgullosos de poder formar parte de la ONG Mary\u2019sMeals \u00a1un a\u00f1o m\u00e1s!\"}]},{\"@type\":\"WebSite\",\"@id\":\"https:\\\/\\\/www.elcolmado.de\\\/#website\",\"url\":\"https:\\\/\\\/www.elcolmado.de\\\/\",\"name\":\"elcolmado.de\",\"description\":\"Bar Tapas Berlin\",\"potentialAction\":[{\"@type\":\"SearchAction\",\"target\":{\"@type\":\"EntryPoint\",\"urlTemplate\":\"https:\\\/\\\/www.elcolmado.de\\\/?s={search_term_string}\"},\"query-input\":{\"@type\":\"PropertyValueSpecification\",\"valueRequired\":true,\"valueName\":\"search_term_string\"}}],\"inLanguage\":\"es\"},{\"@type\":\"Person\",\"@id\":\"https:\\\/\\\/www.elcolmado.de\\\/#\\\/schema\\\/person\\\/10a4657c35ed10b2a0dc5ccaed3a5e6b\",\"name\":\"Fernando Mart\u00edn\",\"image\":{\"@type\":\"ImageObject\",\"inLanguage\":\"es\",\"@id\":\"https:\\\/\\\/secure.gravatar.com\\\/avatar\\\/d772dd7ff38aa047368b131f5378c5c2bd76585cad96272dc5d7cddb4a556c32?s=96&d=mm&r=g\",\"url\":\"https:\\\/\\\/secure.gravatar.com\\\/avatar\\\/d772dd7ff38aa047368b131f5378c5c2bd76585cad96272dc5d7cddb4a556c32?s=96&d=mm&r=g\",\"contentUrl\":\"https:\\\/\\\/secure.gravatar.com\\\/avatar\\\/d772dd7ff38aa047368b131f5378c5c2bd76585cad96272dc5d7cddb4a556c32?s=96&d=mm&r=g\",\"caption\":\"Fernando Mart\u00edn\"},\"sameAs\":[\"http:\\\/\\\/www.osobukomedia.com\"],\"url\":\"https:\\\/\\\/www.elcolmado.de\\\/es\\\/author\\\/fernando\\\/\"}]}<\/script>\n<!-- \/ Yoast SEO plugin. -->","yoast_head_json":{"title":"Seguimos orgullosos de poder formar parte de la ONG Mary\u2019s Meals \u00a1un a\u00f1o m\u00e1s!| El Colmado","description":"Es un buen momento para recordar que El Colmado sigue, un a\u00f1o m\u00e1s, apoyando a quienes m\u00e1s lo necesitan de la mano de la ONG Mary\u2019sMeals.\u00a0","robots":{"index":"index","follow":"follow","max-snippet":"max-snippet:-1","max-image-preview":"max-image-preview:large","max-video-preview":"max-video-preview:-1"},"canonical":"https:\/\/www.elcolmado.de\/es\/seguimos-orgullosos-de-poder-formar-parte-de-la-ong-marysmeals-un-ano-mas\/","og_locale":"es_ES","og_type":"article","og_title":"Seguimos orgullosos de poder formar parte de la ONG Mary\u2019s Meals \u00a1un a\u00f1o m\u00e1s!| El Colmado","og_description":"Es un buen momento para recordar que El Colmado sigue, un a\u00f1o m\u00e1s, apoyando a quienes m\u00e1s lo necesitan de la mano de la ONG Mary\u2019sMeals.\u00a0","og_url":"https:\/\/www.elcolmado.de\/es\/seguimos-orgullosos-de-poder-formar-parte-de-la-ong-marysmeals-un-ano-mas\/","og_site_name":"elcolmado.de","article_published_time":"2019-12-31T19:34:16+00:00","og_image":[{"width":1000,"height":667,"url":"https:\/\/www.elcolmado.de\/wp-content\/uploads\/2019\/12\/Seguimos-orgullosos-de-poder-formar-parte-de-la-ONG-MarysMeals-un-ano-mas.jpg","type":"image\/jpeg"}],"author":"Fernando Mart\u00edn","twitter_card":"summary_large_image","twitter_misc":{"Escrito por":"Fernando Mart\u00edn","Tiempo de lectura":"3 minutos"},"schema":{"@context":"https:\/\/schema.org","@graph":[{"@type":"Article","@id":"https:\/\/www.elcolmado.de\/es\/seguimos-orgullosos-de-poder-formar-parte-de-la-ong-marysmeals-un-ano-mas\/#article","isPartOf":{"@id":"https:\/\/www.elcolmado.de\/es\/seguimos-orgullosos-de-poder-formar-parte-de-la-ong-marysmeals-un-ano-mas\/"},"author":{"name":"Fernando Mart\u00edn","@id":"https:\/\/www.elcolmado.de\/#\/schema\/person\/10a4657c35ed10b2a0dc5ccaed3a5e6b"},"headline":"Seguimos orgullosos de poder formar parte de la ONG Mary\u2019sMeals \u00a1un a\u00f1o m\u00e1s!","datePublished":"2019-12-31T19:34:16+00:00","mainEntityOfPage":{"@id":"https:\/\/www.elcolmado.de\/es\/seguimos-orgullosos-de-poder-formar-parte-de-la-ong-marysmeals-un-ano-mas\/"},"wordCount":547,"commentCount":0,"image":{"@id":"https:\/\/www.elcolmado.de\/es\/seguimos-orgullosos-de-poder-formar-parte-de-la-ong-marysmeals-un-ano-mas\/#primaryimage"},"thumbnailUrl":"https:\/\/www.elcolmado.de\/wp-content\/uploads\/2019\/12\/Seguimos-orgullosos-de-poder-formar-parte-de-la-ONG-MarysMeals-un-ano-mas.jpg","keywords":["Bar de Tapas en Berl\u00edn","El Colmado","El Colmado y Mery's Meals","ONG Mary\u2019sMeals","Restaurante Espa\u00f1ol"],"articleSection":["ONG Mary\u2019sMeals."],"inLanguage":"es","potentialAction":[{"@type":"CommentAction","name":"Comment","target":["https:\/\/www.elcolmado.de\/es\/seguimos-orgullosos-de-poder-formar-parte-de-la-ong-marysmeals-un-ano-mas\/#respond"]}]},{"@type":"WebPage","@id":"https:\/\/www.elcolmado.de\/es\/seguimos-orgullosos-de-poder-formar-parte-de-la-ong-marysmeals-un-ano-mas\/","url":"https:\/\/www.elcolmado.de\/es\/seguimos-orgullosos-de-poder-formar-parte-de-la-ong-marysmeals-un-ano-mas\/","name":"Seguimos orgullosos de poder formar parte de la ONG Mary\u2019s Meals \u00a1un a\u00f1o m\u00e1s!| El Colmado","isPartOf":{"@id":"https:\/\/www.elcolmado.de\/#website"},"primaryImageOfPage":{"@id":"https:\/\/www.elcolmado.de\/es\/seguimos-orgullosos-de-poder-formar-parte-de-la-ong-marysmeals-un-ano-mas\/#primaryimage"},"image":{"@id":"https:\/\/www.elcolmado.de\/es\/seguimos-orgullosos-de-poder-formar-parte-de-la-ong-marysmeals-un-ano-mas\/#primaryimage"},"thumbnailUrl":"https:\/\/www.elcolmado.de\/wp-content\/uploads\/2019\/12\/Seguimos-orgullosos-de-poder-formar-parte-de-la-ONG-MarysMeals-un-ano-mas.jpg","datePublished":"2019-12-31T19:34:16+00:00","author":{"@id":"https:\/\/www.elcolmado.de\/#\/schema\/person\/10a4657c35ed10b2a0dc5ccaed3a5e6b"},"description":"Es un buen momento para recordar que El Colmado sigue, un a\u00f1o m\u00e1s, apoyando a quienes m\u00e1s lo necesitan de la mano de la ONG Mary\u2019sMeals.\u00a0","breadcrumb":{"@id":"https:\/\/www.elcolmado.de\/es\/seguimos-orgullosos-de-poder-formar-parte-de-la-ong-marysmeals-un-ano-mas\/#breadcrumb"},"inLanguage":"es","potentialAction":[{"@type":"ReadAction","target":["https:\/\/www.elcolmado.de\/es\/seguimos-orgullosos-de-poder-formar-parte-de-la-ong-marysmeals-un-ano-mas\/"]}]},{"@type":"ImageObject","inLanguage":"es","@id":"https:\/\/www.elcolmado.de\/es\/seguimos-orgullosos-de-poder-formar-parte-de-la-ong-marysmeals-un-ano-mas\/#primaryimage","url":"https:\/\/www.elcolmado.de\/wp-content\/uploads\/2019\/12\/Seguimos-orgullosos-de-poder-formar-parte-de-la-ONG-MarysMeals-un-ano-mas.jpg","contentUrl":"https:\/\/www.elcolmado.de\/wp-content\/uploads\/2019\/12\/Seguimos-orgullosos-de-poder-formar-parte-de-la-ONG-MarysMeals-un-ano-mas.jpg","width":1000,"height":667},{"@type":"BreadcrumbList","@id":"https:\/\/www.elcolmado.de\/es\/seguimos-orgullosos-de-poder-formar-parte-de-la-ong-marysmeals-un-ano-mas\/#breadcrumb","itemListElement":[{"@type":"ListItem","position":1,"name":"Portada","item":"https:\/\/www.elcolmado.de\/es\/"},{"@type":"ListItem","position":2,"name":"Seguimos orgullosos de poder formar parte de la ONG Mary\u2019sMeals \u00a1un a\u00f1o m\u00e1s!"}]},{"@type":"WebSite","@id":"https:\/\/www.elcolmado.de\/#website","url":"https:\/\/www.elcolmado.de\/","name":"elcolmado.de","description":"Bar Tapas Berlin","potentialAction":[{"@type":"SearchAction","target":{"@type":"EntryPoint","urlTemplate":"https:\/\/www.elcolmado.de\/?s={search_term_string}"},"query-input":{"@type":"PropertyValueSpecification","valueRequired":true,"valueName":"search_term_string"}}],"inLanguage":"es"},{"@type":"Person","@id":"https:\/\/www.elcolmado.de\/#\/schema\/person\/10a4657c35ed10b2a0dc5ccaed3a5e6b","name":"Fernando Mart\u00edn","image":{"@type":"ImageObject","inLanguage":"es","@id":"https:\/\/secure.gravatar.com\/avatar\/d772dd7ff38aa047368b131f5378c5c2bd76585cad96272dc5d7cddb4a556c32?s=96&d=mm&r=g","url":"https:\/\/secure.gravatar.com\/avatar\/d772dd7ff38aa047368b131f5378c5c2bd76585cad96272dc5d7cddb4a556c32?s=96&d=mm&r=g","contentUrl":"https:\/\/secure.gravatar.com\/avatar\/d772dd7ff38aa047368b131f5378c5c2bd76585cad96272dc5d7cddb4a556c32?s=96&d=mm&r=g","caption":"Fernando Mart\u00edn"},"sameAs":["http:\/\/www.osobukomedia.com"],"url":"https:\/\/www.elcolmado.de\/es\/author\/fernando\/"}]}},"_links":{"self":[{"href":"https:\/\/www.elcolmado.de\/es\/wp-json\/wp\/v2\/posts\/1990","targetHints":{"allow":["GET"]}}],"collection":[{"href":"https:\/\/www.elcolmado.de\/es\/wp-json\/wp\/v2\/posts"}],"about":[{"href":"https:\/\/www.elcolmado.de\/es\/wp-json\/wp\/v2\/types\/post"}],"author":[{"embeddable":true,"href":"https:\/\/www.elcolmado.de\/es\/wp-json\/wp\/v2\/users\/2"}],"replies":[{"embeddable":true,"href":"https:\/\/www.elcolmado.de\/es\/wp-json\/wp\/v2\/comments?post=1990"}],"version-history":[{"count":2,"href":"https:\/\/www.elcolmado.de\/es\/wp-json\/wp\/v2\/posts\/1990\/revisions"}],"predecessor-version":[{"id":1995,"href":"https:\/\/www.elcolmado.de\/es\/wp-json\/wp\/v2\/posts\/1990\/revisions\/1995"}],"wp:featuredmedia":[{"embeddable":true,"href":"https:\/\/www.elcolmado.de\/es\/wp-json\/wp\/v2\/media\/1991"}],"wp:attachment":[{"href":"https:\/\/www.elcolmado.de\/es\/wp-json\/wp\/v2\/media?parent=1990"}],"wp:term":[{"taxonomy":"category","embeddable":true,"href":"https:\/\/www.elcolmado.de\/es\/wp-json\/wp\/v2\/categories?post=1990"},{"taxonomy":"post_tag","embeddable":true,"href":"https:\/\/www.elcolmado.de\/es\/wp-json\/wp\/v2\/tags?post=1990"}],"curies":[{"name":"wp","href":"https:\/\/api.w.org\/{rel}","templated":true}]}}