{"id":2516,"date":"2020-05-05T11:33:40","date_gmt":"2020-05-05T11:33:40","guid":{"rendered":"https:\/\/www.elcolmado.de\/?p=2516"},"modified":"2020-05-05T11:33:40","modified_gmt":"2020-05-05T11:33:40","slug":"ya-estamos-contando-los-dias-para-volver-a-disfrutar-del-sabor-y-el-buen-rollo-de-una-buena-sangria-espanola-en-el-centro-de-berlin","status":"publish","type":"post","link":"https:\/\/www.elcolmado.de\/es\/ya-estamos-contando-los-dias-para-volver-a-disfrutar-del-sabor-y-el-buen-rollo-de-una-buena-sangria-espanola-en-el-centro-de-berlin\/","title":{"rendered":"Ya estamos contando los d\u00edas para volver a disfrutar del sabor y el buen rollo de una buena sangr\u00eda espa\u00f1ola en el centro de Berl\u00edn"},"content":{"rendered":"<p>Es extra\u00f1o asomarse a la ventana y ver las calles vac\u00edas ono escuchar las voces de los ni\u00f1os jugando. Nunca el silencio hizo tanto ruido. Sin embargo, aunque nadie nos prepar\u00f3 para lidiar con una pandemia mundial que nos separar\u00eda de todos nuestros v\u00ednculos sociales y familiares, saldremos de esta. La verdad es que ahora tenemos todo el tiempo del mundo, aunque no tengamos el espacio ni las personas que queremos para aprovecharlo.<\/p>\n<p>En El Colmado seguimos trabajando, para que cuando esto acabe puedas disfrutar del mejor <a href=\"https:\/\/www.elcolmado.de\/es\/\">restaurante espa\u00f1ol en Berl\u00edn<\/a>. Seguiremos ofreciendo cocina espa\u00f1ola de calidad excelsa, representado fielmente la cultura gastron\u00f3mica espa\u00f1ola. Nos aseguraremos de que los productos que importamos desde Espa\u00f1a lo har\u00e1n con las mismas garant\u00edas y seguridad como lo estaban siendo hasta ahora. Queremos volver a ser un punto de encuentro, un lugar donde combinar la comida y la compa\u00f1\u00eda. Qu\u00e9 lugar mejor para recuperar el tiempo perdido que en, el restaurante espa\u00f1ol en Berl\u00edn, El Colmado.<\/p>\n<p>&nbsp;<\/p>\n<h2>VOLVEREMOS A DISFRUTAR DE LA GASTRONOM\u00cdA ESPA\u00d1OLA<\/h2>\n<p>&nbsp;<\/p>\n<p>Es cuesti\u00f3n de tiempo que remita este temporal que azota a todo el mundo. Al final de la tormenta, siempre sale el sol. Y no se nos ocurre mejor manera que esperar ese magnifico arco\u00edris que con la<a href=\"https:\/\/www.elcolmado.de\/es\/menu\/\"> sangr\u00eda espa\u00f1ola<\/a>.<\/p>\n<p>La hist\u00f3rica receta de sangr\u00eda ha mutado en miles de formas de prepararlas, cientos de recursos diferentes en cada hogar. Ciertamente, hay varios estilos y recetas para preparar sangr\u00eda. Todas ellas incluyen el vino y la fruta, una combinaci\u00f3n exitosa y deliciosa para tu paladar. El verano nos estar\u00e1 esperando y en el Colmado apostamos por regresar con la sangr\u00eda espa\u00f1ola, la temporada calurosa y los d\u00edas de verano deben combatirse con una bebida fresca como ella. Como hemos comentado, hay muchas variedades de esta bebida, normalmente consiste en vino, fruta picada, gaseosa, az\u00facar, endulzante y alg\u00fan licor. Aunque en distintas zonas de Espa\u00f1a puede ser de sidra, como en Asturias.<\/p>\n<p>Estamos expectantes por reabrir y ofrecerte las diversas degustaciones que podr\u00e1s acompa\u00f1ar con la sangr\u00eda espa\u00f1ola. Croquetas, jam\u00f3n serrano, pimientos del padr\u00f3n y un sinf\u00edn de platos y tapas espa\u00f1olas con las que deleitarte despu\u00e9s de estos meses de aislamiento.<\/p>\n<p>En El Colmado queremos volver a disfrutar del tiempo y la compa\u00f1\u00eda, nosotros os ofrecemos los mejores platos de la gastronom\u00eda espa\u00f1ola, esperamos poder disfrutar de vuestrasmiradas llenas de ilusi\u00f3n, as\u00ed como vosotros del mejor restaurante espa\u00f1ol en Berl\u00edn.<\/p>\n<p>&nbsp;<\/p>\n<h3>SI TE HA GUSTADO ESTE POST SOBRE \u00ab\u00a1YA ESTAMOS CONTANDO LOS D\u00cdAS PARA VOLVER A DISFRUTAR DEL SABOR Y EL BUEN ROLLO DE UNA BUENA SANGR\u00cdA ESPA\u00d1OLA EN EL CENTRO DE BERL\u00cdN! SEGURAMENTE TE INTERESAR\u00c1\u2026<\/h3>\n<ul>\n<li class=\"entry_title\"><a title=\"\u00bfHay algo mejor que un desayuno espa\u00f1ol en el centro de Berl\u00edn? Arranca el d\u00eda de la mejor manera con los churros con chocolate de El Colmado\" href=\"https:\/\/www.elcolmado.de\/es\/hay-algo-mejor-que-un-desayuno-espanol-en-el-centro-de-berlin-arranca-el-dia-de-la-mejor-manera-con-los-churros-con-chocolate-de-el-colmado\/\" target=\"_self\" rel=\"noopener noreferrer\">\u00bfHay algo mejor que un desayuno espa\u00f1ol en el centro de Berl\u00edn? Arranca el d\u00eda de la mejor manera con los churros con chocolate de El Colmado<\/a><\/li>\n<li class=\"entry_title\"><a title=\"Descubre de la mano El Colmado qu\u00e9 tipos de paellas son referentes en la gastronom\u00eda espa\u00f1ola \u00bfY t\u00fa con cual te quedas?\" href=\"https:\/\/www.elcolmado.de\/es\/descubre-de-la-mano-el-colmado-que-tipos-de-paellas-son-referentes-en-la-gastronomia-espanola-y-tu-con-cual-te-quedas\/\" target=\"_self\" rel=\"noopener noreferrer\">Descubre de la mano El Colmado qu\u00e9 tipos de paellas son referentes en la gastronom\u00eda espa\u00f1ola \u00bfY t\u00fa con cual te quedas?<\/a><\/li>\n<\/ul>\n","protected":false},"excerpt":{"rendered":"<p>Es extra\u00f1o asomarse a la ventana y ver las calles vac\u00edas ono escuchar las voces de los ni\u00f1os jugando. Nunca el silencio hizo tanto ruido. Sin embargo, aunque nadie nos prepar\u00f3 para lidiar con una pandemia mundial que nos separar\u00eda de todos nuestros v\u00ednculos sociales&#8230;<\/p>\n","protected":false},"author":2,"featured_media":2517,"comment_status":"open","ping_status":"open","sticky":false,"template":"","format":"standard","meta":{"footnotes":""},"categories":[113],"tags":[13,47,15,114],"class_list":["post-2516","post","type-post","status-publish","format-standard","has-post-thumbnail","hentry","category-sangria-espanola","tag-bar-de-tapas-en-berlin","tag-el-colmado-es","tag-restaurante-espanol","tag-sangria-espanola"],"yoast_head":"<!-- This site is optimized with the Yoast SEO plugin v27.4 - https:\/\/yoast.com\/product\/yoast-seo-wordpress\/ -->\n<title>Ya estamos contando los d\u00edas para volver a disfrutar del sabor y el buen rollo de una buena sangr\u00eda espa\u00f1ola en el centro de Berl\u00edn| El Colmado<\/title>\n<meta name=\"description\" content=\"Al final de la tormenta, siempre sale el sol. Y no se nos ocurre mejor manera que esperar ese magnifico arco\u00edris que con la sangr\u00eda espa\u00f1ola....\" \/>\n<meta name=\"robots\" content=\"index, follow, max-snippet:-1, max-image-preview:large, max-video-preview:-1\" \/>\n<link rel=\"canonical\" href=\"https:\/\/www.elcolmado.de\/es\/ya-estamos-contando-los-dias-para-volver-a-disfrutar-del-sabor-y-el-buen-rollo-de-una-buena-sangria-espanola-en-el-centro-de-berlin\/\" \/>\n<meta property=\"og:locale\" content=\"es_ES\" \/>\n<meta property=\"og:type\" content=\"article\" \/>\n<meta property=\"og:title\" content=\"Ya estamos contando los d\u00edas para volver a disfrutar del sabor y el buen rollo de una buena sangr\u00eda espa\u00f1ola en el centro de Berl\u00edn| El Colmado\" \/>\n<meta property=\"og:description\" content=\"Al final de la tormenta, siempre sale el sol. Y no se nos ocurre mejor manera que esperar ese magnifico arco\u00edris que con la sangr\u00eda espa\u00f1ola....\" \/>\n<meta property=\"og:url\" content=\"https:\/\/www.elcolmado.de\/es\/ya-estamos-contando-los-dias-para-volver-a-disfrutar-del-sabor-y-el-buen-rollo-de-una-buena-sangria-espanola-en-el-centro-de-berlin\/\" \/>\n<meta property=\"og:site_name\" content=\"elcolmado.de\" \/>\n<meta property=\"article:published_time\" content=\"2020-05-05T11:33:40+00:00\" \/>\n<meta property=\"og:image\" content=\"https:\/\/www.elcolmado.de\/wp-content\/uploads\/2020\/05\/Ya-estamos-contando-los-dias-para-volver-a-disfrutar-del-sabor-y-el-buen-rollo-de-una-buena-sangria-espanola-en-el-centro-de-Berlin.jpg\" \/>\n\t<meta property=\"og:image:width\" content=\"1000\" \/>\n\t<meta property=\"og:image:height\" content=\"667\" \/>\n\t<meta property=\"og:image:type\" content=\"image\/jpeg\" \/>\n<meta name=\"author\" content=\"Fernando Mart\u00edn\" \/>\n<meta name=\"twitter:card\" content=\"summary_large_image\" \/>\n<meta name=\"twitter:label1\" content=\"Escrito por\" \/>\n\t<meta name=\"twitter:data1\" content=\"Fernando Mart\u00edn\" \/>\n\t<meta name=\"twitter:label2\" content=\"Tiempo de lectura\" \/>\n\t<meta name=\"twitter:data2\" content=\"3 minutos\" \/>\n<script type=\"application\/ld+json\" class=\"yoast-schema-graph\">{\"@context\":\"https:\\\/\\\/schema.org\",\"@graph\":[{\"@type\":\"Article\",\"@id\":\"https:\\\/\\\/www.elcolmado.de\\\/es\\\/ya-estamos-contando-los-dias-para-volver-a-disfrutar-del-sabor-y-el-buen-rollo-de-una-buena-sangria-espanola-en-el-centro-de-berlin\\\/#article\",\"isPartOf\":{\"@id\":\"https:\\\/\\\/www.elcolmado.de\\\/es\\\/ya-estamos-contando-los-dias-para-volver-a-disfrutar-del-sabor-y-el-buen-rollo-de-una-buena-sangria-espanola-en-el-centro-de-berlin\\\/\"},\"author\":{\"name\":\"Fernando Mart\u00edn\",\"@id\":\"https:\\\/\\\/www.elcolmado.de\\\/#\\\/schema\\\/person\\\/10a4657c35ed10b2a0dc5ccaed3a5e6b\"},\"headline\":\"Ya estamos contando los d\u00edas para volver a disfrutar del sabor y el buen rollo de una buena sangr\u00eda espa\u00f1ola en el centro de Berl\u00edn\",\"datePublished\":\"2020-05-05T11:33:40+00:00\",\"mainEntityOfPage\":{\"@id\":\"https:\\\/\\\/www.elcolmado.de\\\/es\\\/ya-estamos-contando-los-dias-para-volver-a-disfrutar-del-sabor-y-el-buen-rollo-de-una-buena-sangria-espanola-en-el-centro-de-berlin\\\/\"},\"wordCount\":571,\"commentCount\":0,\"image\":{\"@id\":\"https:\\\/\\\/www.elcolmado.de\\\/es\\\/ya-estamos-contando-los-dias-para-volver-a-disfrutar-del-sabor-y-el-buen-rollo-de-una-buena-sangria-espanola-en-el-centro-de-berlin\\\/#primaryimage\"},\"thumbnailUrl\":\"https:\\\/\\\/www.elcolmado.de\\\/wp-content\\\/uploads\\\/2020\\\/05\\\/Ya-estamos-contando-los-dias-para-volver-a-disfrutar-del-sabor-y-el-buen-rollo-de-una-buena-sangria-espanola-en-el-centro-de-Berlin.jpg\",\"keywords\":[\"Bar de Tapas en Berl\u00edn\",\"El Colmado\",\"Restaurante Espa\u00f1ol\",\"Sangr\u00eda espa\u00f1ola\"],\"articleSection\":[\"Sangr\u00eda Espa\u00f1ola\"],\"inLanguage\":\"es\",\"potentialAction\":[{\"@type\":\"CommentAction\",\"name\":\"Comment\",\"target\":[\"https:\\\/\\\/www.elcolmado.de\\\/es\\\/ya-estamos-contando-los-dias-para-volver-a-disfrutar-del-sabor-y-el-buen-rollo-de-una-buena-sangria-espanola-en-el-centro-de-berlin\\\/#respond\"]}]},{\"@type\":\"WebPage\",\"@id\":\"https:\\\/\\\/www.elcolmado.de\\\/es\\\/ya-estamos-contando-los-dias-para-volver-a-disfrutar-del-sabor-y-el-buen-rollo-de-una-buena-sangria-espanola-en-el-centro-de-berlin\\\/\",\"url\":\"https:\\\/\\\/www.elcolmado.de\\\/es\\\/ya-estamos-contando-los-dias-para-volver-a-disfrutar-del-sabor-y-el-buen-rollo-de-una-buena-sangria-espanola-en-el-centro-de-berlin\\\/\",\"name\":\"Ya estamos contando los d\u00edas para volver a disfrutar del sabor y el buen rollo de una buena sangr\u00eda espa\u00f1ola en el centro de Berl\u00edn| El Colmado\",\"isPartOf\":{\"@id\":\"https:\\\/\\\/www.elcolmado.de\\\/#website\"},\"primaryImageOfPage\":{\"@id\":\"https:\\\/\\\/www.elcolmado.de\\\/es\\\/ya-estamos-contando-los-dias-para-volver-a-disfrutar-del-sabor-y-el-buen-rollo-de-una-buena-sangria-espanola-en-el-centro-de-berlin\\\/#primaryimage\"},\"image\":{\"@id\":\"https:\\\/\\\/www.elcolmado.de\\\/es\\\/ya-estamos-contando-los-dias-para-volver-a-disfrutar-del-sabor-y-el-buen-rollo-de-una-buena-sangria-espanola-en-el-centro-de-berlin\\\/#primaryimage\"},\"thumbnailUrl\":\"https:\\\/\\\/www.elcolmado.de\\\/wp-content\\\/uploads\\\/2020\\\/05\\\/Ya-estamos-contando-los-dias-para-volver-a-disfrutar-del-sabor-y-el-buen-rollo-de-una-buena-sangria-espanola-en-el-centro-de-Berlin.jpg\",\"datePublished\":\"2020-05-05T11:33:40+00:00\",\"author\":{\"@id\":\"https:\\\/\\\/www.elcolmado.de\\\/#\\\/schema\\\/person\\\/10a4657c35ed10b2a0dc5ccaed3a5e6b\"},\"description\":\"Al final de la tormenta, siempre sale el sol. Y no se nos ocurre mejor manera que esperar ese magnifico arco\u00edris que con la sangr\u00eda espa\u00f1ola....\",\"breadcrumb\":{\"@id\":\"https:\\\/\\\/www.elcolmado.de\\\/es\\\/ya-estamos-contando-los-dias-para-volver-a-disfrutar-del-sabor-y-el-buen-rollo-de-una-buena-sangria-espanola-en-el-centro-de-berlin\\\/#breadcrumb\"},\"inLanguage\":\"es\",\"potentialAction\":[{\"@type\":\"ReadAction\",\"target\":[\"https:\\\/\\\/www.elcolmado.de\\\/es\\\/ya-estamos-contando-los-dias-para-volver-a-disfrutar-del-sabor-y-el-buen-rollo-de-una-buena-sangria-espanola-en-el-centro-de-berlin\\\/\"]}]},{\"@type\":\"ImageObject\",\"inLanguage\":\"es\",\"@id\":\"https:\\\/\\\/www.elcolmado.de\\\/es\\\/ya-estamos-contando-los-dias-para-volver-a-disfrutar-del-sabor-y-el-buen-rollo-de-una-buena-sangria-espanola-en-el-centro-de-berlin\\\/#primaryimage\",\"url\":\"https:\\\/\\\/www.elcolmado.de\\\/wp-content\\\/uploads\\\/2020\\\/05\\\/Ya-estamos-contando-los-dias-para-volver-a-disfrutar-del-sabor-y-el-buen-rollo-de-una-buena-sangria-espanola-en-el-centro-de-Berlin.jpg\",\"contentUrl\":\"https:\\\/\\\/www.elcolmado.de\\\/wp-content\\\/uploads\\\/2020\\\/05\\\/Ya-estamos-contando-los-dias-para-volver-a-disfrutar-del-sabor-y-el-buen-rollo-de-una-buena-sangria-espanola-en-el-centro-de-Berlin.jpg\",\"width\":1000,\"height\":667},{\"@type\":\"BreadcrumbList\",\"@id\":\"https:\\\/\\\/www.elcolmado.de\\\/es\\\/ya-estamos-contando-los-dias-para-volver-a-disfrutar-del-sabor-y-el-buen-rollo-de-una-buena-sangria-espanola-en-el-centro-de-berlin\\\/#breadcrumb\",\"itemListElement\":[{\"@type\":\"ListItem\",\"position\":1,\"name\":\"Portada\",\"item\":\"https:\\\/\\\/www.elcolmado.de\\\/es\\\/\"},{\"@type\":\"ListItem\",\"position\":2,\"name\":\"Ya estamos contando los d\u00edas para volver a disfrutar del sabor y el buen rollo de una buena sangr\u00eda espa\u00f1ola en el centro de Berl\u00edn\"}]},{\"@type\":\"WebSite\",\"@id\":\"https:\\\/\\\/www.elcolmado.de\\\/#website\",\"url\":\"https:\\\/\\\/www.elcolmado.de\\\/\",\"name\":\"elcolmado.de\",\"description\":\"Bar Tapas Berlin\",\"potentialAction\":[{\"@type\":\"SearchAction\",\"target\":{\"@type\":\"EntryPoint\",\"urlTemplate\":\"https:\\\/\\\/www.elcolmado.de\\\/?s={search_term_string}\"},\"query-input\":{\"@type\":\"PropertyValueSpecification\",\"valueRequired\":true,\"valueName\":\"search_term_string\"}}],\"inLanguage\":\"es\"},{\"@type\":\"Person\",\"@id\":\"https:\\\/\\\/www.elcolmado.de\\\/#\\\/schema\\\/person\\\/10a4657c35ed10b2a0dc5ccaed3a5e6b\",\"name\":\"Fernando Mart\u00edn\",\"image\":{\"@type\":\"ImageObject\",\"inLanguage\":\"es\",\"@id\":\"https:\\\/\\\/secure.gravatar.com\\\/avatar\\\/d772dd7ff38aa047368b131f5378c5c2bd76585cad96272dc5d7cddb4a556c32?s=96&d=mm&r=g\",\"url\":\"https:\\\/\\\/secure.gravatar.com\\\/avatar\\\/d772dd7ff38aa047368b131f5378c5c2bd76585cad96272dc5d7cddb4a556c32?s=96&d=mm&r=g\",\"contentUrl\":\"https:\\\/\\\/secure.gravatar.com\\\/avatar\\\/d772dd7ff38aa047368b131f5378c5c2bd76585cad96272dc5d7cddb4a556c32?s=96&d=mm&r=g\",\"caption\":\"Fernando Mart\u00edn\"},\"sameAs\":[\"http:\\\/\\\/www.osobukomedia.com\"],\"url\":\"https:\\\/\\\/www.elcolmado.de\\\/es\\\/author\\\/fernando\\\/\"}]}<\/script>\n<!-- \/ Yoast SEO plugin. -->","yoast_head_json":{"title":"Ya estamos contando los d\u00edas para volver a disfrutar del sabor y el buen rollo de una buena sangr\u00eda espa\u00f1ola en el centro de Berl\u00edn| El Colmado","description":"Al final de la tormenta, siempre sale el sol. Y no se nos ocurre mejor manera que esperar ese magnifico arco\u00edris que con la sangr\u00eda espa\u00f1ola....","robots":{"index":"index","follow":"follow","max-snippet":"max-snippet:-1","max-image-preview":"max-image-preview:large","max-video-preview":"max-video-preview:-1"},"canonical":"https:\/\/www.elcolmado.de\/es\/ya-estamos-contando-los-dias-para-volver-a-disfrutar-del-sabor-y-el-buen-rollo-de-una-buena-sangria-espanola-en-el-centro-de-berlin\/","og_locale":"es_ES","og_type":"article","og_title":"Ya estamos contando los d\u00edas para volver a disfrutar del sabor y el buen rollo de una buena sangr\u00eda espa\u00f1ola en el centro de Berl\u00edn| El Colmado","og_description":"Al final de la tormenta, siempre sale el sol. Y no se nos ocurre mejor manera que esperar ese magnifico arco\u00edris que con la sangr\u00eda espa\u00f1ola....","og_url":"https:\/\/www.elcolmado.de\/es\/ya-estamos-contando-los-dias-para-volver-a-disfrutar-del-sabor-y-el-buen-rollo-de-una-buena-sangria-espanola-en-el-centro-de-berlin\/","og_site_name":"elcolmado.de","article_published_time":"2020-05-05T11:33:40+00:00","og_image":[{"width":1000,"height":667,"url":"https:\/\/www.elcolmado.de\/wp-content\/uploads\/2020\/05\/Ya-estamos-contando-los-dias-para-volver-a-disfrutar-del-sabor-y-el-buen-rollo-de-una-buena-sangria-espanola-en-el-centro-de-Berlin.jpg","type":"image\/jpeg"}],"author":"Fernando Mart\u00edn","twitter_card":"summary_large_image","twitter_misc":{"Escrito por":"Fernando Mart\u00edn","Tiempo de lectura":"3 minutos"},"schema":{"@context":"https:\/\/schema.org","@graph":[{"@type":"Article","@id":"https:\/\/www.elcolmado.de\/es\/ya-estamos-contando-los-dias-para-volver-a-disfrutar-del-sabor-y-el-buen-rollo-de-una-buena-sangria-espanola-en-el-centro-de-berlin\/#article","isPartOf":{"@id":"https:\/\/www.elcolmado.de\/es\/ya-estamos-contando-los-dias-para-volver-a-disfrutar-del-sabor-y-el-buen-rollo-de-una-buena-sangria-espanola-en-el-centro-de-berlin\/"},"author":{"name":"Fernando Mart\u00edn","@id":"https:\/\/www.elcolmado.de\/#\/schema\/person\/10a4657c35ed10b2a0dc5ccaed3a5e6b"},"headline":"Ya estamos contando los d\u00edas para volver a disfrutar del sabor y el buen rollo de una buena sangr\u00eda espa\u00f1ola en el centro de Berl\u00edn","datePublished":"2020-05-05T11:33:40+00:00","mainEntityOfPage":{"@id":"https:\/\/www.elcolmado.de\/es\/ya-estamos-contando-los-dias-para-volver-a-disfrutar-del-sabor-y-el-buen-rollo-de-una-buena-sangria-espanola-en-el-centro-de-berlin\/"},"wordCount":571,"commentCount":0,"image":{"@id":"https:\/\/www.elcolmado.de\/es\/ya-estamos-contando-los-dias-para-volver-a-disfrutar-del-sabor-y-el-buen-rollo-de-una-buena-sangria-espanola-en-el-centro-de-berlin\/#primaryimage"},"thumbnailUrl":"https:\/\/www.elcolmado.de\/wp-content\/uploads\/2020\/05\/Ya-estamos-contando-los-dias-para-volver-a-disfrutar-del-sabor-y-el-buen-rollo-de-una-buena-sangria-espanola-en-el-centro-de-Berlin.jpg","keywords":["Bar de Tapas en Berl\u00edn","El Colmado","Restaurante Espa\u00f1ol","Sangr\u00eda espa\u00f1ola"],"articleSection":["Sangr\u00eda Espa\u00f1ola"],"inLanguage":"es","potentialAction":[{"@type":"CommentAction","name":"Comment","target":["https:\/\/www.elcolmado.de\/es\/ya-estamos-contando-los-dias-para-volver-a-disfrutar-del-sabor-y-el-buen-rollo-de-una-buena-sangria-espanola-en-el-centro-de-berlin\/#respond"]}]},{"@type":"WebPage","@id":"https:\/\/www.elcolmado.de\/es\/ya-estamos-contando-los-dias-para-volver-a-disfrutar-del-sabor-y-el-buen-rollo-de-una-buena-sangria-espanola-en-el-centro-de-berlin\/","url":"https:\/\/www.elcolmado.de\/es\/ya-estamos-contando-los-dias-para-volver-a-disfrutar-del-sabor-y-el-buen-rollo-de-una-buena-sangria-espanola-en-el-centro-de-berlin\/","name":"Ya estamos contando los d\u00edas para volver a disfrutar del sabor y el buen rollo de una buena sangr\u00eda espa\u00f1ola en el centro de Berl\u00edn| El Colmado","isPartOf":{"@id":"https:\/\/www.elcolmado.de\/#website"},"primaryImageOfPage":{"@id":"https:\/\/www.elcolmado.de\/es\/ya-estamos-contando-los-dias-para-volver-a-disfrutar-del-sabor-y-el-buen-rollo-de-una-buena-sangria-espanola-en-el-centro-de-berlin\/#primaryimage"},"image":{"@id":"https:\/\/www.elcolmado.de\/es\/ya-estamos-contando-los-dias-para-volver-a-disfrutar-del-sabor-y-el-buen-rollo-de-una-buena-sangria-espanola-en-el-centro-de-berlin\/#primaryimage"},"thumbnailUrl":"https:\/\/www.elcolmado.de\/wp-content\/uploads\/2020\/05\/Ya-estamos-contando-los-dias-para-volver-a-disfrutar-del-sabor-y-el-buen-rollo-de-una-buena-sangria-espanola-en-el-centro-de-Berlin.jpg","datePublished":"2020-05-05T11:33:40+00:00","author":{"@id":"https:\/\/www.elcolmado.de\/#\/schema\/person\/10a4657c35ed10b2a0dc5ccaed3a5e6b"},"description":"Al final de la tormenta, siempre sale el sol. Y no se nos ocurre mejor manera que esperar ese magnifico arco\u00edris que con la sangr\u00eda espa\u00f1ola....","breadcrumb":{"@id":"https:\/\/www.elcolmado.de\/es\/ya-estamos-contando-los-dias-para-volver-a-disfrutar-del-sabor-y-el-buen-rollo-de-una-buena-sangria-espanola-en-el-centro-de-berlin\/#breadcrumb"},"inLanguage":"es","potentialAction":[{"@type":"ReadAction","target":["https:\/\/www.elcolmado.de\/es\/ya-estamos-contando-los-dias-para-volver-a-disfrutar-del-sabor-y-el-buen-rollo-de-una-buena-sangria-espanola-en-el-centro-de-berlin\/"]}]},{"@type":"ImageObject","inLanguage":"es","@id":"https:\/\/www.elcolmado.de\/es\/ya-estamos-contando-los-dias-para-volver-a-disfrutar-del-sabor-y-el-buen-rollo-de-una-buena-sangria-espanola-en-el-centro-de-berlin\/#primaryimage","url":"https:\/\/www.elcolmado.de\/wp-content\/uploads\/2020\/05\/Ya-estamos-contando-los-dias-para-volver-a-disfrutar-del-sabor-y-el-buen-rollo-de-una-buena-sangria-espanola-en-el-centro-de-Berlin.jpg","contentUrl":"https:\/\/www.elcolmado.de\/wp-content\/uploads\/2020\/05\/Ya-estamos-contando-los-dias-para-volver-a-disfrutar-del-sabor-y-el-buen-rollo-de-una-buena-sangria-espanola-en-el-centro-de-Berlin.jpg","width":1000,"height":667},{"@type":"BreadcrumbList","@id":"https:\/\/www.elcolmado.de\/es\/ya-estamos-contando-los-dias-para-volver-a-disfrutar-del-sabor-y-el-buen-rollo-de-una-buena-sangria-espanola-en-el-centro-de-berlin\/#breadcrumb","itemListElement":[{"@type":"ListItem","position":1,"name":"Portada","item":"https:\/\/www.elcolmado.de\/es\/"},{"@type":"ListItem","position":2,"name":"Ya estamos contando los d\u00edas para volver a disfrutar del sabor y el buen rollo de una buena sangr\u00eda espa\u00f1ola en el centro de Berl\u00edn"}]},{"@type":"WebSite","@id":"https:\/\/www.elcolmado.de\/#website","url":"https:\/\/www.elcolmado.de\/","name":"elcolmado.de","description":"Bar Tapas Berlin","potentialAction":[{"@type":"SearchAction","target":{"@type":"EntryPoint","urlTemplate":"https:\/\/www.elcolmado.de\/?s={search_term_string}"},"query-input":{"@type":"PropertyValueSpecification","valueRequired":true,"valueName":"search_term_string"}}],"inLanguage":"es"},{"@type":"Person","@id":"https:\/\/www.elcolmado.de\/#\/schema\/person\/10a4657c35ed10b2a0dc5ccaed3a5e6b","name":"Fernando Mart\u00edn","image":{"@type":"ImageObject","inLanguage":"es","@id":"https:\/\/secure.gravatar.com\/avatar\/d772dd7ff38aa047368b131f5378c5c2bd76585cad96272dc5d7cddb4a556c32?s=96&d=mm&r=g","url":"https:\/\/secure.gravatar.com\/avatar\/d772dd7ff38aa047368b131f5378c5c2bd76585cad96272dc5d7cddb4a556c32?s=96&d=mm&r=g","contentUrl":"https:\/\/secure.gravatar.com\/avatar\/d772dd7ff38aa047368b131f5378c5c2bd76585cad96272dc5d7cddb4a556c32?s=96&d=mm&r=g","caption":"Fernando Mart\u00edn"},"sameAs":["http:\/\/www.osobukomedia.com"],"url":"https:\/\/www.elcolmado.de\/es\/author\/fernando\/"}]}},"_links":{"self":[{"href":"https:\/\/www.elcolmado.de\/es\/wp-json\/wp\/v2\/posts\/2516","targetHints":{"allow":["GET"]}}],"collection":[{"href":"https:\/\/www.elcolmado.de\/es\/wp-json\/wp\/v2\/posts"}],"about":[{"href":"https:\/\/www.elcolmado.de\/es\/wp-json\/wp\/v2\/types\/post"}],"author":[{"embeddable":true,"href":"https:\/\/www.elcolmado.de\/es\/wp-json\/wp\/v2\/users\/2"}],"replies":[{"embeddable":true,"href":"https:\/\/www.elcolmado.de\/es\/wp-json\/wp\/v2\/comments?post=2516"}],"version-history":[{"count":2,"href":"https:\/\/www.elcolmado.de\/es\/wp-json\/wp\/v2\/posts\/2516\/revisions"}],"predecessor-version":[{"id":2521,"href":"https:\/\/www.elcolmado.de\/es\/wp-json\/wp\/v2\/posts\/2516\/revisions\/2521"}],"wp:featuredmedia":[{"embeddable":true,"href":"https:\/\/www.elcolmado.de\/es\/wp-json\/wp\/v2\/media\/2517"}],"wp:attachment":[{"href":"https:\/\/www.elcolmado.de\/es\/wp-json\/wp\/v2\/media?parent=2516"}],"wp:term":[{"taxonomy":"category","embeddable":true,"href":"https:\/\/www.elcolmado.de\/es\/wp-json\/wp\/v2\/categories?post=2516"},{"taxonomy":"post_tag","embeddable":true,"href":"https:\/\/www.elcolmado.de\/es\/wp-json\/wp\/v2\/tags?post=2516"}],"curies":[{"name":"wp","href":"https:\/\/api.w.org\/{rel}","templated":true}]}}