{"id":2550,"date":"2020-05-12T17:58:35","date_gmt":"2020-05-12T17:58:35","guid":{"rendered":"https:\/\/www.elcolmado.de\/?p=2550"},"modified":"2020-05-12T17:58:35","modified_gmt":"2020-05-12T17:58:35","slug":"no-podemos-estar-mas-felices-de-reabrir-nuestro-restaurante-de-tapas-espanolas-el-colmado","status":"publish","type":"post","link":"https:\/\/www.elcolmado.de\/es\/no-podemos-estar-mas-felices-de-reabrir-nuestro-restaurante-de-tapas-espanolas-el-colmado\/","title":{"rendered":"\u00a1No podemos estar m\u00e1s felices de reabrir nuestro Restaurante de Tapas espa\u00f1olas El Colmado!"},"content":{"rendered":"<p>Estas \u00faltimas semanas el mundo se ha visto expuesto y la incertidumbre se ha apoderado de cada hogar. Poco a poco, las noticias se han tornado positivas y estamos recuperando y asistiendo a una nueva normalidad.<\/p>\n<p>En primer lugar, desde El Colmado, queremos acordarnos de todas esas personas que est\u00e1n viviendo momentos complicados para enviarles mucha fuerza y toda la suerte del mundo. Nos encontraremos al final del t\u00fanel con una gran sonrisa en los labios.<\/p>\n<p>En segundo lugar, queremos comunicar a nuestros clientes que El Colmado volver\u00e1 a abrir sus puertas nuevamente el 15 de mayo, el horario establecido de cierre ser\u00e1 las 22:00 horas. Para poder llevar a cabo esta apertura es necesario cumplir con las condiciones higi\u00e9nicas establecidas. Existir\u00e1 una reducci\u00f3n del aforo para mantener una distancia m\u00ednima entre los clientes de 1,5 metros, as\u00ed como el uso de mascarillas. Para evitar peque\u00f1as aglomeraciones y esperas innecesarias queremos comunicar que pod\u00e9is registrar la reserva a trav\u00e9s de nuestra web y contribuir a una mayor planificaci\u00f3n. Nuestro local podr\u00e1 reabrir porque cumple con las condiciones higi\u00e9nicas establecidas y tenemos el m\u00e1ximo compromiso con la salud publica remarcando la importancia del distanciamiento social para reforzar la seguridad entre los mismos clientes y los empleados.<\/p>\n<p>Despu\u00e9s de estas largas semanas de espera tenemos muchas ganas de que podamos volver a compartir el encanto y sabor de los platos gastron\u00f3micos espa\u00f1oles.<\/p>\n<p>&nbsp;<\/p>\n<h2>VOLVER A DISFRUTAR DE LA COCINA ESPA\u00d1OLA<\/h2>\n<p>&nbsp;<\/p>\n<p>En este periodo los elementos originales que envuelven la m\u00edstica de El Colmado no han variado, seguimos siendo el <a href=\"https:\/\/www.elcolmado.de\/es\"><strong>restaurante de tapas en Berl\u00edn <\/strong><\/a>por excelencia. Los peque\u00f1os bocados deliciosos de jam\u00f3n serrano u otros embutidos de gran calidad, empanada gallega o pincho de tortilla son tapas que podr\u00e1s volver a degustar de la mano de El Colmado. Nuestro men\u00fa es amplio y variado, puedes acompa\u00f1ar los platos con los mejores vinos espa\u00f1oles de las diferentes regiones espa\u00f1olas. Incluso en estos tiempos tenemos la capacidad de poder elegir qu\u00e9 productos espa\u00f1oles son los capacitados para representar fielmente la gastronom\u00eda espa\u00f1ola. En El Colmado, como <a href=\"https:\/\/www.elcolmado.de\/es\/contacto\/\"><strong>restaurante espa\u00f1ol en Berl\u00edn<\/strong><\/a>, queremos acercarte los miles de sabores y sensaciones que aguardan las diferentes regiones; paella, croquetas artesanas, boquerones, selecci\u00f3n de quesos, sangr\u00eda\u2026 Existen tantos platos como razones para que vengas a probarlos.<\/p>\n<p>El Colmado reabre sus puertas cumpliendo los protocolos de seguridad, te animamos a que vengas a volver a degustar los platos de la cocina espa\u00f1ola. Te estaremos esperando con la mejor de nuestras sonrisas y un abrazo en la distancia.<\/p>\n<p>&nbsp;<\/p>\n<h3>SI TE HA GUSTADO ESTE POST SOBRE \u00bb \u00a1 NO PODEMOS ESTAR M\u00c1S FELICES DE REABRIR NUESTRO RESTAURANTE DE TAPAS ESPA\u00d1OLAS EL COLMADO!\u00bb SEGURAMENTE TE INTERESAR\u00c1\u2026<\/h3>\n<ul>\n<li class=\"entry_title\"><a title=\"\u00bfTe atreves a realizar un viaje gastron\u00f3mico sin moverte de tu casa? Estas son las tapas espa\u00f1olas m\u00e1s populares de cada regi\u00f3n.\" href=\"https:\/\/www.elcolmado.de\/es\/te-atreves-a-realizar-un-viaje-gastronomico-sin-moverte-de-tu-casa-estas-son-las-tapas-espanolas-mas-populares-de-cada-region\/\" target=\"_self\" rel=\"noopener noreferrer\">\u00bfTe atreves a realizar un viaje gastron\u00f3mico sin moverte de tu casa? Estas son las tapas espa\u00f1olas m\u00e1s populares de cada regi\u00f3n.<\/a><\/li>\n<li class=\"entry_title\"><a title=\"Ya estamos contando los d\u00edas para volver a disfrutar del sabor y el buen rollo de una buena sangr\u00eda espa\u00f1ola en el centro de Berl\u00edn\" href=\"https:\/\/www.elcolmado.de\/es\/ya-estamos-contando-los-dias-para-volver-a-disfrutar-del-sabor-y-el-buen-rollo-de-una-buena-sangria-espanola-en-el-centro-de-berlin\/\" target=\"_self\" rel=\"noopener noreferrer\">Ya estamos contando los d\u00edas para volver a disfrutar del sabor y el buen rollo de una buena sangr\u00eda espa\u00f1ola en el centro de Berl\u00edn<\/a><\/li>\n<\/ul>\n","protected":false},"excerpt":{"rendered":"<p>Estas \u00faltimas semanas el mundo se ha visto expuesto y la incertidumbre se ha apoderado de cada hogar. Poco a poco, las noticias se han tornado positivas y estamos recuperando y asistiendo a una nueva normalidad. En primer lugar, desde El Colmado, queremos acordarnos de&#8230;<\/p>\n","protected":false},"author":2,"featured_media":2552,"comment_status":"open","ping_status":"open","sticky":false,"template":"","format":"standard","meta":{"footnotes":""},"categories":[16],"tags":[13,47,15,48],"class_list":["post-2550","post","type-post","status-publish","format-standard","has-post-thumbnail","hentry","category-restaurante-de-tapas","tag-bar-de-tapas-en-berlin","tag-el-colmado-es","tag-restaurante-espanol","tag-tapas-espanolas"],"yoast_head":"<!-- This site is optimized with the Yoast SEO plugin v27.4 - https:\/\/yoast.com\/product\/yoast-seo-wordpress\/ -->\n<title>\u00a1No podemos estar m\u00e1s felices de reabrir nuestro Restaurante de Tapas espa\u00f1olas El Colmado!| El Colmado<\/title>\n<meta name=\"description\" content=\"Queremos comunicar a nuestros clientes que El Colmado, tu restaurante de tapas espa\u00f1olas, volver\u00e1 a abrir sus puertas nuevamente el 15 de mayo...\" \/>\n<meta name=\"robots\" content=\"index, follow, max-snippet:-1, max-image-preview:large, max-video-preview:-1\" \/>\n<link rel=\"canonical\" href=\"https:\/\/www.elcolmado.de\/es\/no-podemos-estar-mas-felices-de-reabrir-nuestro-restaurante-de-tapas-espanolas-el-colmado\/\" \/>\n<meta property=\"og:locale\" content=\"es_ES\" \/>\n<meta property=\"og:type\" content=\"article\" \/>\n<meta property=\"og:title\" content=\"\u00a1No podemos estar m\u00e1s felices de reabrir nuestro Restaurante de Tapas espa\u00f1olas El Colmado!| El Colmado\" \/>\n<meta property=\"og:description\" content=\"Queremos comunicar a nuestros clientes que El Colmado, tu restaurante de tapas espa\u00f1olas, volver\u00e1 a abrir sus puertas nuevamente el 15 de mayo...\" \/>\n<meta property=\"og:url\" content=\"https:\/\/www.elcolmado.de\/es\/no-podemos-estar-mas-felices-de-reabrir-nuestro-restaurante-de-tapas-espanolas-el-colmado\/\" \/>\n<meta property=\"og:site_name\" content=\"elcolmado.de\" \/>\n<meta property=\"article:published_time\" content=\"2020-05-12T17:58:35+00:00\" \/>\n<meta property=\"og:image\" content=\"https:\/\/www.elcolmado.de\/wp-content\/uploads\/2020\/05\/No-podemos-estar-mas-felices-de-reabrir-nuestro-Restaurante-de-Tapas-espanolas.jpg\" \/>\n\t<meta property=\"og:image:width\" content=\"1000\" \/>\n\t<meta property=\"og:image:height\" content=\"667\" \/>\n\t<meta property=\"og:image:type\" content=\"image\/jpeg\" \/>\n<meta name=\"author\" content=\"Fernando Mart\u00edn\" \/>\n<meta name=\"twitter:card\" content=\"summary_large_image\" \/>\n<meta name=\"twitter:label1\" content=\"Escrito por\" \/>\n\t<meta name=\"twitter:data1\" content=\"Fernando Mart\u00edn\" \/>\n\t<meta name=\"twitter:label2\" content=\"Tiempo de lectura\" \/>\n\t<meta name=\"twitter:data2\" content=\"3 minutos\" \/>\n<script type=\"application\/ld+json\" class=\"yoast-schema-graph\">{\"@context\":\"https:\\\/\\\/schema.org\",\"@graph\":[{\"@type\":\"Article\",\"@id\":\"https:\\\/\\\/www.elcolmado.de\\\/es\\\/no-podemos-estar-mas-felices-de-reabrir-nuestro-restaurante-de-tapas-espanolas-el-colmado\\\/#article\",\"isPartOf\":{\"@id\":\"https:\\\/\\\/www.elcolmado.de\\\/es\\\/no-podemos-estar-mas-felices-de-reabrir-nuestro-restaurante-de-tapas-espanolas-el-colmado\\\/\"},\"author\":{\"name\":\"Fernando Mart\u00edn\",\"@id\":\"https:\\\/\\\/www.elcolmado.de\\\/#\\\/schema\\\/person\\\/10a4657c35ed10b2a0dc5ccaed3a5e6b\"},\"headline\":\"\u00a1No podemos estar m\u00e1s felices de reabrir nuestro Restaurante de Tapas espa\u00f1olas El Colmado!\",\"datePublished\":\"2020-05-12T17:58:35+00:00\",\"mainEntityOfPage\":{\"@id\":\"https:\\\/\\\/www.elcolmado.de\\\/es\\\/no-podemos-estar-mas-felices-de-reabrir-nuestro-restaurante-de-tapas-espanolas-el-colmado\\\/\"},\"wordCount\":544,\"commentCount\":0,\"image\":{\"@id\":\"https:\\\/\\\/www.elcolmado.de\\\/es\\\/no-podemos-estar-mas-felices-de-reabrir-nuestro-restaurante-de-tapas-espanolas-el-colmado\\\/#primaryimage\"},\"thumbnailUrl\":\"https:\\\/\\\/www.elcolmado.de\\\/wp-content\\\/uploads\\\/2020\\\/05\\\/No-podemos-estar-mas-felices-de-reabrir-nuestro-Restaurante-de-Tapas-espanolas.jpg\",\"keywords\":[\"Bar de Tapas en Berl\u00edn\",\"El Colmado\",\"Restaurante Espa\u00f1ol\",\"Tapas Espa\u00f1olas\"],\"articleSection\":[\"Restaurante de Tapas\"],\"inLanguage\":\"es\",\"potentialAction\":[{\"@type\":\"CommentAction\",\"name\":\"Comment\",\"target\":[\"https:\\\/\\\/www.elcolmado.de\\\/es\\\/no-podemos-estar-mas-felices-de-reabrir-nuestro-restaurante-de-tapas-espanolas-el-colmado\\\/#respond\"]}]},{\"@type\":\"WebPage\",\"@id\":\"https:\\\/\\\/www.elcolmado.de\\\/es\\\/no-podemos-estar-mas-felices-de-reabrir-nuestro-restaurante-de-tapas-espanolas-el-colmado\\\/\",\"url\":\"https:\\\/\\\/www.elcolmado.de\\\/es\\\/no-podemos-estar-mas-felices-de-reabrir-nuestro-restaurante-de-tapas-espanolas-el-colmado\\\/\",\"name\":\"\u00a1No podemos estar m\u00e1s felices de reabrir nuestro Restaurante de Tapas espa\u00f1olas El Colmado!| El Colmado\",\"isPartOf\":{\"@id\":\"https:\\\/\\\/www.elcolmado.de\\\/#website\"},\"primaryImageOfPage\":{\"@id\":\"https:\\\/\\\/www.elcolmado.de\\\/es\\\/no-podemos-estar-mas-felices-de-reabrir-nuestro-restaurante-de-tapas-espanolas-el-colmado\\\/#primaryimage\"},\"image\":{\"@id\":\"https:\\\/\\\/www.elcolmado.de\\\/es\\\/no-podemos-estar-mas-felices-de-reabrir-nuestro-restaurante-de-tapas-espanolas-el-colmado\\\/#primaryimage\"},\"thumbnailUrl\":\"https:\\\/\\\/www.elcolmado.de\\\/wp-content\\\/uploads\\\/2020\\\/05\\\/No-podemos-estar-mas-felices-de-reabrir-nuestro-Restaurante-de-Tapas-espanolas.jpg\",\"datePublished\":\"2020-05-12T17:58:35+00:00\",\"author\":{\"@id\":\"https:\\\/\\\/www.elcolmado.de\\\/#\\\/schema\\\/person\\\/10a4657c35ed10b2a0dc5ccaed3a5e6b\"},\"description\":\"Queremos comunicar a nuestros clientes que El Colmado, tu restaurante de tapas espa\u00f1olas, volver\u00e1 a abrir sus puertas nuevamente el 15 de mayo...\",\"breadcrumb\":{\"@id\":\"https:\\\/\\\/www.elcolmado.de\\\/es\\\/no-podemos-estar-mas-felices-de-reabrir-nuestro-restaurante-de-tapas-espanolas-el-colmado\\\/#breadcrumb\"},\"inLanguage\":\"es\",\"potentialAction\":[{\"@type\":\"ReadAction\",\"target\":[\"https:\\\/\\\/www.elcolmado.de\\\/es\\\/no-podemos-estar-mas-felices-de-reabrir-nuestro-restaurante-de-tapas-espanolas-el-colmado\\\/\"]}]},{\"@type\":\"ImageObject\",\"inLanguage\":\"es\",\"@id\":\"https:\\\/\\\/www.elcolmado.de\\\/es\\\/no-podemos-estar-mas-felices-de-reabrir-nuestro-restaurante-de-tapas-espanolas-el-colmado\\\/#primaryimage\",\"url\":\"https:\\\/\\\/www.elcolmado.de\\\/wp-content\\\/uploads\\\/2020\\\/05\\\/No-podemos-estar-mas-felices-de-reabrir-nuestro-Restaurante-de-Tapas-espanolas.jpg\",\"contentUrl\":\"https:\\\/\\\/www.elcolmado.de\\\/wp-content\\\/uploads\\\/2020\\\/05\\\/No-podemos-estar-mas-felices-de-reabrir-nuestro-Restaurante-de-Tapas-espanolas.jpg\",\"width\":1000,\"height\":667},{\"@type\":\"BreadcrumbList\",\"@id\":\"https:\\\/\\\/www.elcolmado.de\\\/es\\\/no-podemos-estar-mas-felices-de-reabrir-nuestro-restaurante-de-tapas-espanolas-el-colmado\\\/#breadcrumb\",\"itemListElement\":[{\"@type\":\"ListItem\",\"position\":1,\"name\":\"Portada\",\"item\":\"https:\\\/\\\/www.elcolmado.de\\\/es\\\/\"},{\"@type\":\"ListItem\",\"position\":2,\"name\":\"\u00a1No podemos estar m\u00e1s felices de reabrir nuestro Restaurante de Tapas espa\u00f1olas El Colmado!\"}]},{\"@type\":\"WebSite\",\"@id\":\"https:\\\/\\\/www.elcolmado.de\\\/#website\",\"url\":\"https:\\\/\\\/www.elcolmado.de\\\/\",\"name\":\"elcolmado.de\",\"description\":\"Bar Tapas Berlin\",\"potentialAction\":[{\"@type\":\"SearchAction\",\"target\":{\"@type\":\"EntryPoint\",\"urlTemplate\":\"https:\\\/\\\/www.elcolmado.de\\\/?s={search_term_string}\"},\"query-input\":{\"@type\":\"PropertyValueSpecification\",\"valueRequired\":true,\"valueName\":\"search_term_string\"}}],\"inLanguage\":\"es\"},{\"@type\":\"Person\",\"@id\":\"https:\\\/\\\/www.elcolmado.de\\\/#\\\/schema\\\/person\\\/10a4657c35ed10b2a0dc5ccaed3a5e6b\",\"name\":\"Fernando Mart\u00edn\",\"image\":{\"@type\":\"ImageObject\",\"inLanguage\":\"es\",\"@id\":\"https:\\\/\\\/secure.gravatar.com\\\/avatar\\\/d772dd7ff38aa047368b131f5378c5c2bd76585cad96272dc5d7cddb4a556c32?s=96&d=mm&r=g\",\"url\":\"https:\\\/\\\/secure.gravatar.com\\\/avatar\\\/d772dd7ff38aa047368b131f5378c5c2bd76585cad96272dc5d7cddb4a556c32?s=96&d=mm&r=g\",\"contentUrl\":\"https:\\\/\\\/secure.gravatar.com\\\/avatar\\\/d772dd7ff38aa047368b131f5378c5c2bd76585cad96272dc5d7cddb4a556c32?s=96&d=mm&r=g\",\"caption\":\"Fernando Mart\u00edn\"},\"sameAs\":[\"http:\\\/\\\/www.osobukomedia.com\"],\"url\":\"https:\\\/\\\/www.elcolmado.de\\\/es\\\/author\\\/fernando\\\/\"}]}<\/script>\n<!-- \/ Yoast SEO plugin. -->","yoast_head_json":{"title":"\u00a1No podemos estar m\u00e1s felices de reabrir nuestro Restaurante de Tapas espa\u00f1olas El Colmado!| El Colmado","description":"Queremos comunicar a nuestros clientes que El Colmado, tu restaurante de tapas espa\u00f1olas, volver\u00e1 a abrir sus puertas nuevamente el 15 de mayo...","robots":{"index":"index","follow":"follow","max-snippet":"max-snippet:-1","max-image-preview":"max-image-preview:large","max-video-preview":"max-video-preview:-1"},"canonical":"https:\/\/www.elcolmado.de\/es\/no-podemos-estar-mas-felices-de-reabrir-nuestro-restaurante-de-tapas-espanolas-el-colmado\/","og_locale":"es_ES","og_type":"article","og_title":"\u00a1No podemos estar m\u00e1s felices de reabrir nuestro Restaurante de Tapas espa\u00f1olas El Colmado!| El Colmado","og_description":"Queremos comunicar a nuestros clientes que El Colmado, tu restaurante de tapas espa\u00f1olas, volver\u00e1 a abrir sus puertas nuevamente el 15 de mayo...","og_url":"https:\/\/www.elcolmado.de\/es\/no-podemos-estar-mas-felices-de-reabrir-nuestro-restaurante-de-tapas-espanolas-el-colmado\/","og_site_name":"elcolmado.de","article_published_time":"2020-05-12T17:58:35+00:00","og_image":[{"width":1000,"height":667,"url":"https:\/\/www.elcolmado.de\/wp-content\/uploads\/2020\/05\/No-podemos-estar-mas-felices-de-reabrir-nuestro-Restaurante-de-Tapas-espanolas.jpg","type":"image\/jpeg"}],"author":"Fernando Mart\u00edn","twitter_card":"summary_large_image","twitter_misc":{"Escrito por":"Fernando Mart\u00edn","Tiempo de lectura":"3 minutos"},"schema":{"@context":"https:\/\/schema.org","@graph":[{"@type":"Article","@id":"https:\/\/www.elcolmado.de\/es\/no-podemos-estar-mas-felices-de-reabrir-nuestro-restaurante-de-tapas-espanolas-el-colmado\/#article","isPartOf":{"@id":"https:\/\/www.elcolmado.de\/es\/no-podemos-estar-mas-felices-de-reabrir-nuestro-restaurante-de-tapas-espanolas-el-colmado\/"},"author":{"name":"Fernando Mart\u00edn","@id":"https:\/\/www.elcolmado.de\/#\/schema\/person\/10a4657c35ed10b2a0dc5ccaed3a5e6b"},"headline":"\u00a1No podemos estar m\u00e1s felices de reabrir nuestro Restaurante de Tapas espa\u00f1olas El Colmado!","datePublished":"2020-05-12T17:58:35+00:00","mainEntityOfPage":{"@id":"https:\/\/www.elcolmado.de\/es\/no-podemos-estar-mas-felices-de-reabrir-nuestro-restaurante-de-tapas-espanolas-el-colmado\/"},"wordCount":544,"commentCount":0,"image":{"@id":"https:\/\/www.elcolmado.de\/es\/no-podemos-estar-mas-felices-de-reabrir-nuestro-restaurante-de-tapas-espanolas-el-colmado\/#primaryimage"},"thumbnailUrl":"https:\/\/www.elcolmado.de\/wp-content\/uploads\/2020\/05\/No-podemos-estar-mas-felices-de-reabrir-nuestro-Restaurante-de-Tapas-espanolas.jpg","keywords":["Bar de Tapas en Berl\u00edn","El Colmado","Restaurante Espa\u00f1ol","Tapas Espa\u00f1olas"],"articleSection":["Restaurante de Tapas"],"inLanguage":"es","potentialAction":[{"@type":"CommentAction","name":"Comment","target":["https:\/\/www.elcolmado.de\/es\/no-podemos-estar-mas-felices-de-reabrir-nuestro-restaurante-de-tapas-espanolas-el-colmado\/#respond"]}]},{"@type":"WebPage","@id":"https:\/\/www.elcolmado.de\/es\/no-podemos-estar-mas-felices-de-reabrir-nuestro-restaurante-de-tapas-espanolas-el-colmado\/","url":"https:\/\/www.elcolmado.de\/es\/no-podemos-estar-mas-felices-de-reabrir-nuestro-restaurante-de-tapas-espanolas-el-colmado\/","name":"\u00a1No podemos estar m\u00e1s felices de reabrir nuestro Restaurante de Tapas espa\u00f1olas El Colmado!| El Colmado","isPartOf":{"@id":"https:\/\/www.elcolmado.de\/#website"},"primaryImageOfPage":{"@id":"https:\/\/www.elcolmado.de\/es\/no-podemos-estar-mas-felices-de-reabrir-nuestro-restaurante-de-tapas-espanolas-el-colmado\/#primaryimage"},"image":{"@id":"https:\/\/www.elcolmado.de\/es\/no-podemos-estar-mas-felices-de-reabrir-nuestro-restaurante-de-tapas-espanolas-el-colmado\/#primaryimage"},"thumbnailUrl":"https:\/\/www.elcolmado.de\/wp-content\/uploads\/2020\/05\/No-podemos-estar-mas-felices-de-reabrir-nuestro-Restaurante-de-Tapas-espanolas.jpg","datePublished":"2020-05-12T17:58:35+00:00","author":{"@id":"https:\/\/www.elcolmado.de\/#\/schema\/person\/10a4657c35ed10b2a0dc5ccaed3a5e6b"},"description":"Queremos comunicar a nuestros clientes que El Colmado, tu restaurante de tapas espa\u00f1olas, volver\u00e1 a abrir sus puertas nuevamente el 15 de mayo...","breadcrumb":{"@id":"https:\/\/www.elcolmado.de\/es\/no-podemos-estar-mas-felices-de-reabrir-nuestro-restaurante-de-tapas-espanolas-el-colmado\/#breadcrumb"},"inLanguage":"es","potentialAction":[{"@type":"ReadAction","target":["https:\/\/www.elcolmado.de\/es\/no-podemos-estar-mas-felices-de-reabrir-nuestro-restaurante-de-tapas-espanolas-el-colmado\/"]}]},{"@type":"ImageObject","inLanguage":"es","@id":"https:\/\/www.elcolmado.de\/es\/no-podemos-estar-mas-felices-de-reabrir-nuestro-restaurante-de-tapas-espanolas-el-colmado\/#primaryimage","url":"https:\/\/www.elcolmado.de\/wp-content\/uploads\/2020\/05\/No-podemos-estar-mas-felices-de-reabrir-nuestro-Restaurante-de-Tapas-espanolas.jpg","contentUrl":"https:\/\/www.elcolmado.de\/wp-content\/uploads\/2020\/05\/No-podemos-estar-mas-felices-de-reabrir-nuestro-Restaurante-de-Tapas-espanolas.jpg","width":1000,"height":667},{"@type":"BreadcrumbList","@id":"https:\/\/www.elcolmado.de\/es\/no-podemos-estar-mas-felices-de-reabrir-nuestro-restaurante-de-tapas-espanolas-el-colmado\/#breadcrumb","itemListElement":[{"@type":"ListItem","position":1,"name":"Portada","item":"https:\/\/www.elcolmado.de\/es\/"},{"@type":"ListItem","position":2,"name":"\u00a1No podemos estar m\u00e1s felices de reabrir nuestro Restaurante de Tapas espa\u00f1olas El Colmado!"}]},{"@type":"WebSite","@id":"https:\/\/www.elcolmado.de\/#website","url":"https:\/\/www.elcolmado.de\/","name":"elcolmado.de","description":"Bar Tapas Berlin","potentialAction":[{"@type":"SearchAction","target":{"@type":"EntryPoint","urlTemplate":"https:\/\/www.elcolmado.de\/?s={search_term_string}"},"query-input":{"@type":"PropertyValueSpecification","valueRequired":true,"valueName":"search_term_string"}}],"inLanguage":"es"},{"@type":"Person","@id":"https:\/\/www.elcolmado.de\/#\/schema\/person\/10a4657c35ed10b2a0dc5ccaed3a5e6b","name":"Fernando Mart\u00edn","image":{"@type":"ImageObject","inLanguage":"es","@id":"https:\/\/secure.gravatar.com\/avatar\/d772dd7ff38aa047368b131f5378c5c2bd76585cad96272dc5d7cddb4a556c32?s=96&d=mm&r=g","url":"https:\/\/secure.gravatar.com\/avatar\/d772dd7ff38aa047368b131f5378c5c2bd76585cad96272dc5d7cddb4a556c32?s=96&d=mm&r=g","contentUrl":"https:\/\/secure.gravatar.com\/avatar\/d772dd7ff38aa047368b131f5378c5c2bd76585cad96272dc5d7cddb4a556c32?s=96&d=mm&r=g","caption":"Fernando Mart\u00edn"},"sameAs":["http:\/\/www.osobukomedia.com"],"url":"https:\/\/www.elcolmado.de\/es\/author\/fernando\/"}]}},"_links":{"self":[{"href":"https:\/\/www.elcolmado.de\/es\/wp-json\/wp\/v2\/posts\/2550","targetHints":{"allow":["GET"]}}],"collection":[{"href":"https:\/\/www.elcolmado.de\/es\/wp-json\/wp\/v2\/posts"}],"about":[{"href":"https:\/\/www.elcolmado.de\/es\/wp-json\/wp\/v2\/types\/post"}],"author":[{"embeddable":true,"href":"https:\/\/www.elcolmado.de\/es\/wp-json\/wp\/v2\/users\/2"}],"replies":[{"embeddable":true,"href":"https:\/\/www.elcolmado.de\/es\/wp-json\/wp\/v2\/comments?post=2550"}],"version-history":[{"count":1,"href":"https:\/\/www.elcolmado.de\/es\/wp-json\/wp\/v2\/posts\/2550\/revisions"}],"predecessor-version":[{"id":2551,"href":"https:\/\/www.elcolmado.de\/es\/wp-json\/wp\/v2\/posts\/2550\/revisions\/2551"}],"wp:featuredmedia":[{"embeddable":true,"href":"https:\/\/www.elcolmado.de\/es\/wp-json\/wp\/v2\/media\/2552"}],"wp:attachment":[{"href":"https:\/\/www.elcolmado.de\/es\/wp-json\/wp\/v2\/media?parent=2550"}],"wp:term":[{"taxonomy":"category","embeddable":true,"href":"https:\/\/www.elcolmado.de\/es\/wp-json\/wp\/v2\/categories?post=2550"},{"taxonomy":"post_tag","embeddable":true,"href":"https:\/\/www.elcolmado.de\/es\/wp-json\/wp\/v2\/tags?post=2550"}],"curies":[{"name":"wp","href":"https:\/\/api.w.org\/{rel}","templated":true}]}}