{"id":2792,"date":"2020-07-30T17:01:19","date_gmt":"2020-07-30T17:01:19","guid":{"rendered":"https:\/\/www.elcolmado.de\/?p=2792"},"modified":"2020-07-30T21:26:42","modified_gmt":"2020-07-30T21:26:42","slug":"y-tu-con-quien-compartirias-una-tabla-de-jamon-iberico-en-el-centro-de-berlin-nosotros-lo-tenemos-claro-contigo","status":"publish","type":"post","link":"https:\/\/www.elcolmado.de\/es\/y-tu-con-quien-compartirias-una-tabla-de-jamon-iberico-en-el-centro-de-berlin-nosotros-lo-tenemos-claro-contigo\/","title":{"rendered":"\u00bfY t\u00fa con qui\u00e9n compartir\u00edas una tabla de jam\u00f3n ib\u00e9rico en el centro de Berl\u00edn? Nosotros lo tenemos claro, contigo"},"content":{"rendered":"<p>En la capital alemana hay mucho que ver; grandes calles que recorrer, incre\u00edbles monumentos que contemplar. Todo el trasiego que puede conllevar visitar Berl\u00edn puede provocar un estr\u00e9s completamente innecesario. Hay momentos, precisos instantes, en que lo que realmente vale la pena es lo que tienes justo delante. Ni m\u00e1s ni menos. Por ello, hay que dejarse llevar y relajarse para disfrutar de la ocasi\u00f3n aprovechando al m\u00e1ximo su oportunidad.<\/p>\n<p>En El Colmado somos expertos en provocar que nuestros clientes asocien esta maravillosa ciudad con nuestro <a href=\"https:\/\/www.elcolmado.de\/es\/\">restaurante espa\u00f1ol en Berl\u00edn<\/a>. Ciertamente, la cultura gastron\u00f3mica espa\u00f1ola goza de un gran poder e influencia a nivel mundial. Siempre tuvimos el sue\u00f1o de regentar un <a href=\"https:\/\/www.elcolmado.de\/es\/menu\/\">bar de tapas<\/a> en Berl\u00edn, importando los miles de platos t\u00edpicos espa\u00f1oles, as\u00ed como sus formas y variantes. Los deseos se cumplen, sue\u00f1o hecho realidad. Sin embargo, no nos quedamos ah\u00ed, siempre pensamos en mejorar y en que nuestras acciones tengan un eco m\u00e1s all\u00e1 de lo que sucede en nuestro restaurante espa\u00f1ol en Berl\u00edn. De ah\u00ed, que ofrezcamos especiales servicios como la venta de productos gourmet par que puedas disfrutar de los alimentos m\u00e1s emblem\u00e1ticos de la cultura gastron\u00f3mica espa\u00f1ola en tu propio hogar rodeado de familiares y\/o amigos.<\/p>\n<p>Aunque, tambi\u00e9n nos distinguimos por acciones vitales como nuestra vocaci\u00f3n humanitaria de alimentar a ni\u00f1os que padecen hambruna gracias a la colaboraci\u00f3n que mantenemos con la ONG Mary\u2019s meal.<\/p>\n<p>&nbsp;<\/p>\n<h2>EN EL COLMADO, COMPARTIR ES VIVIR<\/h2>\n<p>&nbsp;<\/p>\n<p>Las tapas son tradicionales en Espa\u00f1a, formadas por peque\u00f1as porciones de comida para devorarlas en breves bocados. En nuestro men\u00fa puedes encontrar de m\u00faltiples sabores y texturas. Innumerables son los rincones que aguardan exquisitos platos. Desde Galicia con el pimiento del Padr\u00f3n hasta Canarias con las papas arrugadas. Son un manjar exquisito para disfrutar tanto de \u00e9l como para hacerlo en compa\u00f1\u00eda. El tapeo se ha convertido en un arte, en una tipolog\u00eda especial para gozar tanto en forma como en contenido de la comida. Sin duda, el plato estrella que albergan las tapas de nuestro restaurante espa\u00f1ol en Berl\u00edn es el jam\u00f3n Ib\u00e9rico. El jam\u00f3n Ib\u00e9rico es un manjar conocido mundialmente, con destellos de sabor incomparables. Todas las palabras que podamos exponer para describirlo se quedan cortas. As\u00ed que, ac\u00e9rcate a probarlo y salir de posibles dudas. \u00bfCon qui\u00e9n quieres disfrutar de la magn\u00edfica tabla de jam\u00f3n ib\u00e9rico? Puedes contar con nosotros como nosotros contamos contigo. El Colmado, tu bar de tapas en Berl\u00edn de confianza.<\/p>\n<p>&nbsp;<\/p>\n<h3>SI TE HA GUSTADO ESTE POST SOBRE \u00ab\u00bfY T\u00da CON QUI\u00c9N COMPARTIR\u00cdAS UNA TABLA DE JAM\u00d3N IB\u00c9RICO EN EL CENTRO DE BERL\u00cdN? NOSOTROS LO TENEMOS CLARO, CONTIGO\u00bb SEGURAMENTE TE INTERESAR\u00c1&#8230;<\/h3>\n<ul>\n<li class=\"entry_title\"><a title=\"\u00bfQuieres ayudarnos a seguir con nuestro modelo \u201cMealforMeal\u201d? \u00a1Disfruta de las mejores tapas espa\u00f1olas y ay\u00fadanos a seguir cambiando el mundo!\" href=\"https:\/\/www.elcolmado.de\/es\/quieres-ayudarnos-a-seguir-con-nuestro-modelo-mealformeal-disfruta-de-las-mejores-tapas-espanolas-y-ayudanos-a-seguir-cambiando-el-mundo\/\" target=\"_self\" rel=\"noopener noreferrer\">\u00bfQuieres ayudarnos a seguir con nuestro modelo \u201cMealforMeal\u201d? \u00a1Disfruta de las mejores tapas espa\u00f1olas y ay\u00fadanos a seguir cambiando el mundo!<\/a><\/li>\n<li class=\"entry_title\"><a title=\"En el Colmado nos reinventamos y apostamos por la comida take away \u00a1Ll\u00e9vate lo mejor de la gastronom\u00eda espa\u00f1ola a tu casa!\" href=\"https:\/\/www.elcolmado.de\/es\/en-el-colmado-nos-reinventamos-y-apostamos-por-la-comida-take-away-llevate-lo-mejor-de-la-gastronomia-espanola-a-tu-casa\/\" target=\"_self\" rel=\"noopener noreferrer\">En el Colmado nos reinventamos y apostamos por la comida take away \u00a1Ll\u00e9vate lo mejor de la gastronom\u00eda espa\u00f1ola a tu casa!<\/a><\/li>\n<\/ul>\n","protected":false},"excerpt":{"rendered":"<p>En la capital alemana hay mucho que ver; grandes calles que recorrer, incre\u00edbles monumentos que contemplar. Todo el trasiego que puede conllevar visitar Berl\u00edn puede provocar un estr\u00e9s completamente innecesario. Hay momentos, precisos instantes, en que lo que realmente vale la pena es lo que&#8230;<\/p>\n","protected":false},"author":2,"featured_media":2793,"comment_status":"open","ping_status":"open","sticky":false,"template":"","format":"standard","meta":{"footnotes":""},"categories":[7],"tags":[13,47,18,15,48],"class_list":["post-2792","post","type-post","status-publish","format-standard","has-post-thumbnail","hentry","category-jamon-iberico","tag-bar-de-tapas-en-berlin","tag-el-colmado-es","tag-jamon-iberico","tag-restaurante-espanol","tag-tapas-espanolas"],"yoast_head":"<!-- This site is optimized with the Yoast SEO plugin v27.5 - https:\/\/yoast.com\/product\/yoast-seo-wordpress\/ -->\n<title>\u00bfY t\u00fa con qui\u00e9n compartir\u00edas una tabla de jam\u00f3n ib\u00e9rico en el centro de Berl\u00edn? Nosotros lo tenemos claro, contigo| El Colmado<\/title>\n<meta name=\"description\" content=\"Sin duda, el plato estrella que albergan las tapas de nuestro restaurante espa\u00f1ol en Berl\u00edn es el jam\u00f3n Ib\u00e9rico. El jam\u00f3n Ib\u00e9rico es un manjar conocido...\" \/>\n<meta name=\"robots\" content=\"index, follow, max-snippet:-1, max-image-preview:large, max-video-preview:-1\" \/>\n<link rel=\"canonical\" href=\"https:\/\/www.elcolmado.de\/es\/y-tu-con-quien-compartirias-una-tabla-de-jamon-iberico-en-el-centro-de-berlin-nosotros-lo-tenemos-claro-contigo\/\" \/>\n<meta property=\"og:locale\" content=\"es_ES\" \/>\n<meta property=\"og:type\" content=\"article\" \/>\n<meta property=\"og:title\" content=\"\u00bfY t\u00fa con qui\u00e9n compartir\u00edas una tabla de jam\u00f3n ib\u00e9rico en el centro de Berl\u00edn? Nosotros lo tenemos claro, contigo| El Colmado\" \/>\n<meta property=\"og:description\" content=\"Sin duda, el plato estrella que albergan las tapas de nuestro restaurante espa\u00f1ol en Berl\u00edn es el jam\u00f3n Ib\u00e9rico. El jam\u00f3n Ib\u00e9rico es un manjar conocido...\" \/>\n<meta property=\"og:url\" content=\"https:\/\/www.elcolmado.de\/es\/y-tu-con-quien-compartirias-una-tabla-de-jamon-iberico-en-el-centro-de-berlin-nosotros-lo-tenemos-claro-contigo\/\" \/>\n<meta property=\"og:site_name\" content=\"elcolmado.de\" \/>\n<meta property=\"article:published_time\" content=\"2020-07-30T17:01:19+00:00\" \/>\n<meta property=\"article:modified_time\" content=\"2020-07-30T21:26:42+00:00\" \/>\n<meta property=\"og:image\" content=\"https:\/\/www.elcolmado.de\/wp-content\/uploads\/2020\/07\/Y-tu-con-quien-compartir\u00edas-una-tabla-de-jamon-iberico-en-el-centro-de-Berlin-Nosotros-lo-tenemos-claro-contigo.jpg\" \/>\n\t<meta property=\"og:image:width\" content=\"1000\" \/>\n\t<meta property=\"og:image:height\" content=\"667\" \/>\n\t<meta property=\"og:image:type\" content=\"image\/jpeg\" \/>\n<meta name=\"author\" content=\"Fernando Mart\u00edn\" \/>\n<meta name=\"twitter:card\" content=\"summary_large_image\" \/>\n<meta name=\"twitter:label1\" content=\"Escrito por\" \/>\n\t<meta name=\"twitter:data1\" content=\"Fernando Mart\u00edn\" \/>\n\t<meta name=\"twitter:label2\" content=\"Tiempo de lectura\" \/>\n\t<meta name=\"twitter:data2\" content=\"3 minutos\" \/>\n<script type=\"application\/ld+json\" class=\"yoast-schema-graph\">{\"@context\":\"https:\\\/\\\/schema.org\",\"@graph\":[{\"@type\":\"Article\",\"@id\":\"https:\\\/\\\/www.elcolmado.de\\\/es\\\/y-tu-con-quien-compartirias-una-tabla-de-jamon-iberico-en-el-centro-de-berlin-nosotros-lo-tenemos-claro-contigo\\\/#article\",\"isPartOf\":{\"@id\":\"https:\\\/\\\/www.elcolmado.de\\\/es\\\/y-tu-con-quien-compartirias-una-tabla-de-jamon-iberico-en-el-centro-de-berlin-nosotros-lo-tenemos-claro-contigo\\\/\"},\"author\":{\"name\":\"Fernando Mart\u00edn\",\"@id\":\"https:\\\/\\\/www.elcolmado.de\\\/#\\\/schema\\\/person\\\/10a4657c35ed10b2a0dc5ccaed3a5e6b\"},\"headline\":\"\u00bfY t\u00fa con qui\u00e9n compartir\u00edas una tabla de jam\u00f3n ib\u00e9rico en el centro de Berl\u00edn? Nosotros lo tenemos claro, contigo\",\"datePublished\":\"2020-07-30T17:01:19+00:00\",\"dateModified\":\"2020-07-30T21:26:42+00:00\",\"mainEntityOfPage\":{\"@id\":\"https:\\\/\\\/www.elcolmado.de\\\/es\\\/y-tu-con-quien-compartirias-una-tabla-de-jamon-iberico-en-el-centro-de-berlin-nosotros-lo-tenemos-claro-contigo\\\/\"},\"wordCount\":561,\"commentCount\":0,\"image\":{\"@id\":\"https:\\\/\\\/www.elcolmado.de\\\/es\\\/y-tu-con-quien-compartirias-una-tabla-de-jamon-iberico-en-el-centro-de-berlin-nosotros-lo-tenemos-claro-contigo\\\/#primaryimage\"},\"thumbnailUrl\":\"https:\\\/\\\/www.elcolmado.de\\\/wp-content\\\/uploads\\\/2020\\\/07\\\/Y-tu-con-quien-compartir\u00edas-una-tabla-de-jamon-iberico-en-el-centro-de-Berlin-Nosotros-lo-tenemos-claro-contigo.jpg\",\"keywords\":[\"Bar de Tapas en Berl\u00edn\",\"El Colmado\",\"Jam\u00f3n Ib\u00e9rico\",\"Restaurante Espa\u00f1ol\",\"Tapas Espa\u00f1olas\"],\"articleSection\":[\"Jam\u00f3n Ib\u00e9rico\"],\"inLanguage\":\"es\",\"potentialAction\":[{\"@type\":\"CommentAction\",\"name\":\"Comment\",\"target\":[\"https:\\\/\\\/www.elcolmado.de\\\/es\\\/y-tu-con-quien-compartirias-una-tabla-de-jamon-iberico-en-el-centro-de-berlin-nosotros-lo-tenemos-claro-contigo\\\/#respond\"]}]},{\"@type\":\"WebPage\",\"@id\":\"https:\\\/\\\/www.elcolmado.de\\\/es\\\/y-tu-con-quien-compartirias-una-tabla-de-jamon-iberico-en-el-centro-de-berlin-nosotros-lo-tenemos-claro-contigo\\\/\",\"url\":\"https:\\\/\\\/www.elcolmado.de\\\/es\\\/y-tu-con-quien-compartirias-una-tabla-de-jamon-iberico-en-el-centro-de-berlin-nosotros-lo-tenemos-claro-contigo\\\/\",\"name\":\"\u00bfY t\u00fa con qui\u00e9n compartir\u00edas una tabla de jam\u00f3n ib\u00e9rico en el centro de Berl\u00edn? Nosotros lo tenemos claro, contigo| El Colmado\",\"isPartOf\":{\"@id\":\"https:\\\/\\\/www.elcolmado.de\\\/#website\"},\"primaryImageOfPage\":{\"@id\":\"https:\\\/\\\/www.elcolmado.de\\\/es\\\/y-tu-con-quien-compartirias-una-tabla-de-jamon-iberico-en-el-centro-de-berlin-nosotros-lo-tenemos-claro-contigo\\\/#primaryimage\"},\"image\":{\"@id\":\"https:\\\/\\\/www.elcolmado.de\\\/es\\\/y-tu-con-quien-compartirias-una-tabla-de-jamon-iberico-en-el-centro-de-berlin-nosotros-lo-tenemos-claro-contigo\\\/#primaryimage\"},\"thumbnailUrl\":\"https:\\\/\\\/www.elcolmado.de\\\/wp-content\\\/uploads\\\/2020\\\/07\\\/Y-tu-con-quien-compartir\u00edas-una-tabla-de-jamon-iberico-en-el-centro-de-Berlin-Nosotros-lo-tenemos-claro-contigo.jpg\",\"datePublished\":\"2020-07-30T17:01:19+00:00\",\"dateModified\":\"2020-07-30T21:26:42+00:00\",\"author\":{\"@id\":\"https:\\\/\\\/www.elcolmado.de\\\/#\\\/schema\\\/person\\\/10a4657c35ed10b2a0dc5ccaed3a5e6b\"},\"description\":\"Sin duda, el plato estrella que albergan las tapas de nuestro restaurante espa\u00f1ol en Berl\u00edn es el jam\u00f3n Ib\u00e9rico. El jam\u00f3n Ib\u00e9rico es un manjar conocido...\",\"breadcrumb\":{\"@id\":\"https:\\\/\\\/www.elcolmado.de\\\/es\\\/y-tu-con-quien-compartirias-una-tabla-de-jamon-iberico-en-el-centro-de-berlin-nosotros-lo-tenemos-claro-contigo\\\/#breadcrumb\"},\"inLanguage\":\"es\",\"potentialAction\":[{\"@type\":\"ReadAction\",\"target\":[\"https:\\\/\\\/www.elcolmado.de\\\/es\\\/y-tu-con-quien-compartirias-una-tabla-de-jamon-iberico-en-el-centro-de-berlin-nosotros-lo-tenemos-claro-contigo\\\/\"]}]},{\"@type\":\"ImageObject\",\"inLanguage\":\"es\",\"@id\":\"https:\\\/\\\/www.elcolmado.de\\\/es\\\/y-tu-con-quien-compartirias-una-tabla-de-jamon-iberico-en-el-centro-de-berlin-nosotros-lo-tenemos-claro-contigo\\\/#primaryimage\",\"url\":\"https:\\\/\\\/www.elcolmado.de\\\/wp-content\\\/uploads\\\/2020\\\/07\\\/Y-tu-con-quien-compartir\u00edas-una-tabla-de-jamon-iberico-en-el-centro-de-Berlin-Nosotros-lo-tenemos-claro-contigo.jpg\",\"contentUrl\":\"https:\\\/\\\/www.elcolmado.de\\\/wp-content\\\/uploads\\\/2020\\\/07\\\/Y-tu-con-quien-compartir\u00edas-una-tabla-de-jamon-iberico-en-el-centro-de-Berlin-Nosotros-lo-tenemos-claro-contigo.jpg\",\"width\":1000,\"height\":667},{\"@type\":\"BreadcrumbList\",\"@id\":\"https:\\\/\\\/www.elcolmado.de\\\/es\\\/y-tu-con-quien-compartirias-una-tabla-de-jamon-iberico-en-el-centro-de-berlin-nosotros-lo-tenemos-claro-contigo\\\/#breadcrumb\",\"itemListElement\":[{\"@type\":\"ListItem\",\"position\":1,\"name\":\"Portada\",\"item\":\"https:\\\/\\\/www.elcolmado.de\\\/es\\\/\"},{\"@type\":\"ListItem\",\"position\":2,\"name\":\"\u00bfY t\u00fa con qui\u00e9n compartir\u00edas una tabla de jam\u00f3n ib\u00e9rico en el centro de Berl\u00edn? Nosotros lo tenemos claro, contigo\"}]},{\"@type\":\"WebSite\",\"@id\":\"https:\\\/\\\/www.elcolmado.de\\\/#website\",\"url\":\"https:\\\/\\\/www.elcolmado.de\\\/\",\"name\":\"elcolmado.de\",\"description\":\"Bar Tapas Berlin\",\"potentialAction\":[{\"@type\":\"SearchAction\",\"target\":{\"@type\":\"EntryPoint\",\"urlTemplate\":\"https:\\\/\\\/www.elcolmado.de\\\/?s={search_term_string}\"},\"query-input\":{\"@type\":\"PropertyValueSpecification\",\"valueRequired\":true,\"valueName\":\"search_term_string\"}}],\"inLanguage\":\"es\"},{\"@type\":\"Person\",\"@id\":\"https:\\\/\\\/www.elcolmado.de\\\/#\\\/schema\\\/person\\\/10a4657c35ed10b2a0dc5ccaed3a5e6b\",\"name\":\"Fernando Mart\u00edn\",\"image\":{\"@type\":\"ImageObject\",\"inLanguage\":\"es\",\"@id\":\"https:\\\/\\\/secure.gravatar.com\\\/avatar\\\/d772dd7ff38aa047368b131f5378c5c2bd76585cad96272dc5d7cddb4a556c32?s=96&d=mm&r=g\",\"url\":\"https:\\\/\\\/secure.gravatar.com\\\/avatar\\\/d772dd7ff38aa047368b131f5378c5c2bd76585cad96272dc5d7cddb4a556c32?s=96&d=mm&r=g\",\"contentUrl\":\"https:\\\/\\\/secure.gravatar.com\\\/avatar\\\/d772dd7ff38aa047368b131f5378c5c2bd76585cad96272dc5d7cddb4a556c32?s=96&d=mm&r=g\",\"caption\":\"Fernando Mart\u00edn\"},\"sameAs\":[\"http:\\\/\\\/www.osobukomedia.com\"],\"url\":\"https:\\\/\\\/www.elcolmado.de\\\/es\\\/author\\\/fernando\\\/\"}]}<\/script>\n<!-- \/ Yoast SEO plugin. -->","yoast_head_json":{"title":"\u00bfY t\u00fa con qui\u00e9n compartir\u00edas una tabla de jam\u00f3n ib\u00e9rico en el centro de Berl\u00edn? Nosotros lo tenemos claro, contigo| El Colmado","description":"Sin duda, el plato estrella que albergan las tapas de nuestro restaurante espa\u00f1ol en Berl\u00edn es el jam\u00f3n Ib\u00e9rico. El jam\u00f3n Ib\u00e9rico es un manjar conocido...","robots":{"index":"index","follow":"follow","max-snippet":"max-snippet:-1","max-image-preview":"max-image-preview:large","max-video-preview":"max-video-preview:-1"},"canonical":"https:\/\/www.elcolmado.de\/es\/y-tu-con-quien-compartirias-una-tabla-de-jamon-iberico-en-el-centro-de-berlin-nosotros-lo-tenemos-claro-contigo\/","og_locale":"es_ES","og_type":"article","og_title":"\u00bfY t\u00fa con qui\u00e9n compartir\u00edas una tabla de jam\u00f3n ib\u00e9rico en el centro de Berl\u00edn? Nosotros lo tenemos claro, contigo| El Colmado","og_description":"Sin duda, el plato estrella que albergan las tapas de nuestro restaurante espa\u00f1ol en Berl\u00edn es el jam\u00f3n Ib\u00e9rico. El jam\u00f3n Ib\u00e9rico es un manjar conocido...","og_url":"https:\/\/www.elcolmado.de\/es\/y-tu-con-quien-compartirias-una-tabla-de-jamon-iberico-en-el-centro-de-berlin-nosotros-lo-tenemos-claro-contigo\/","og_site_name":"elcolmado.de","article_published_time":"2020-07-30T17:01:19+00:00","article_modified_time":"2020-07-30T21:26:42+00:00","og_image":[{"width":1000,"height":667,"url":"https:\/\/www.elcolmado.de\/wp-content\/uploads\/2020\/07\/Y-tu-con-quien-compartir\u00edas-una-tabla-de-jamon-iberico-en-el-centro-de-Berlin-Nosotros-lo-tenemos-claro-contigo.jpg","type":"image\/jpeg"}],"author":"Fernando Mart\u00edn","twitter_card":"summary_large_image","twitter_misc":{"Escrito por":"Fernando Mart\u00edn","Tiempo de lectura":"3 minutos"},"schema":{"@context":"https:\/\/schema.org","@graph":[{"@type":"Article","@id":"https:\/\/www.elcolmado.de\/es\/y-tu-con-quien-compartirias-una-tabla-de-jamon-iberico-en-el-centro-de-berlin-nosotros-lo-tenemos-claro-contigo\/#article","isPartOf":{"@id":"https:\/\/www.elcolmado.de\/es\/y-tu-con-quien-compartirias-una-tabla-de-jamon-iberico-en-el-centro-de-berlin-nosotros-lo-tenemos-claro-contigo\/"},"author":{"name":"Fernando Mart\u00edn","@id":"https:\/\/www.elcolmado.de\/#\/schema\/person\/10a4657c35ed10b2a0dc5ccaed3a5e6b"},"headline":"\u00bfY t\u00fa con qui\u00e9n compartir\u00edas una tabla de jam\u00f3n ib\u00e9rico en el centro de Berl\u00edn? Nosotros lo tenemos claro, contigo","datePublished":"2020-07-30T17:01:19+00:00","dateModified":"2020-07-30T21:26:42+00:00","mainEntityOfPage":{"@id":"https:\/\/www.elcolmado.de\/es\/y-tu-con-quien-compartirias-una-tabla-de-jamon-iberico-en-el-centro-de-berlin-nosotros-lo-tenemos-claro-contigo\/"},"wordCount":561,"commentCount":0,"image":{"@id":"https:\/\/www.elcolmado.de\/es\/y-tu-con-quien-compartirias-una-tabla-de-jamon-iberico-en-el-centro-de-berlin-nosotros-lo-tenemos-claro-contigo\/#primaryimage"},"thumbnailUrl":"https:\/\/www.elcolmado.de\/wp-content\/uploads\/2020\/07\/Y-tu-con-quien-compartir\u00edas-una-tabla-de-jamon-iberico-en-el-centro-de-Berlin-Nosotros-lo-tenemos-claro-contigo.jpg","keywords":["Bar de Tapas en Berl\u00edn","El Colmado","Jam\u00f3n Ib\u00e9rico","Restaurante Espa\u00f1ol","Tapas Espa\u00f1olas"],"articleSection":["Jam\u00f3n Ib\u00e9rico"],"inLanguage":"es","potentialAction":[{"@type":"CommentAction","name":"Comment","target":["https:\/\/www.elcolmado.de\/es\/y-tu-con-quien-compartirias-una-tabla-de-jamon-iberico-en-el-centro-de-berlin-nosotros-lo-tenemos-claro-contigo\/#respond"]}]},{"@type":"WebPage","@id":"https:\/\/www.elcolmado.de\/es\/y-tu-con-quien-compartirias-una-tabla-de-jamon-iberico-en-el-centro-de-berlin-nosotros-lo-tenemos-claro-contigo\/","url":"https:\/\/www.elcolmado.de\/es\/y-tu-con-quien-compartirias-una-tabla-de-jamon-iberico-en-el-centro-de-berlin-nosotros-lo-tenemos-claro-contigo\/","name":"\u00bfY t\u00fa con qui\u00e9n compartir\u00edas una tabla de jam\u00f3n ib\u00e9rico en el centro de Berl\u00edn? Nosotros lo tenemos claro, contigo| El Colmado","isPartOf":{"@id":"https:\/\/www.elcolmado.de\/#website"},"primaryImageOfPage":{"@id":"https:\/\/www.elcolmado.de\/es\/y-tu-con-quien-compartirias-una-tabla-de-jamon-iberico-en-el-centro-de-berlin-nosotros-lo-tenemos-claro-contigo\/#primaryimage"},"image":{"@id":"https:\/\/www.elcolmado.de\/es\/y-tu-con-quien-compartirias-una-tabla-de-jamon-iberico-en-el-centro-de-berlin-nosotros-lo-tenemos-claro-contigo\/#primaryimage"},"thumbnailUrl":"https:\/\/www.elcolmado.de\/wp-content\/uploads\/2020\/07\/Y-tu-con-quien-compartir\u00edas-una-tabla-de-jamon-iberico-en-el-centro-de-Berlin-Nosotros-lo-tenemos-claro-contigo.jpg","datePublished":"2020-07-30T17:01:19+00:00","dateModified":"2020-07-30T21:26:42+00:00","author":{"@id":"https:\/\/www.elcolmado.de\/#\/schema\/person\/10a4657c35ed10b2a0dc5ccaed3a5e6b"},"description":"Sin duda, el plato estrella que albergan las tapas de nuestro restaurante espa\u00f1ol en Berl\u00edn es el jam\u00f3n Ib\u00e9rico. El jam\u00f3n Ib\u00e9rico es un manjar conocido...","breadcrumb":{"@id":"https:\/\/www.elcolmado.de\/es\/y-tu-con-quien-compartirias-una-tabla-de-jamon-iberico-en-el-centro-de-berlin-nosotros-lo-tenemos-claro-contigo\/#breadcrumb"},"inLanguage":"es","potentialAction":[{"@type":"ReadAction","target":["https:\/\/www.elcolmado.de\/es\/y-tu-con-quien-compartirias-una-tabla-de-jamon-iberico-en-el-centro-de-berlin-nosotros-lo-tenemos-claro-contigo\/"]}]},{"@type":"ImageObject","inLanguage":"es","@id":"https:\/\/www.elcolmado.de\/es\/y-tu-con-quien-compartirias-una-tabla-de-jamon-iberico-en-el-centro-de-berlin-nosotros-lo-tenemos-claro-contigo\/#primaryimage","url":"https:\/\/www.elcolmado.de\/wp-content\/uploads\/2020\/07\/Y-tu-con-quien-compartir\u00edas-una-tabla-de-jamon-iberico-en-el-centro-de-Berlin-Nosotros-lo-tenemos-claro-contigo.jpg","contentUrl":"https:\/\/www.elcolmado.de\/wp-content\/uploads\/2020\/07\/Y-tu-con-quien-compartir\u00edas-una-tabla-de-jamon-iberico-en-el-centro-de-Berlin-Nosotros-lo-tenemos-claro-contigo.jpg","width":1000,"height":667},{"@type":"BreadcrumbList","@id":"https:\/\/www.elcolmado.de\/es\/y-tu-con-quien-compartirias-una-tabla-de-jamon-iberico-en-el-centro-de-berlin-nosotros-lo-tenemos-claro-contigo\/#breadcrumb","itemListElement":[{"@type":"ListItem","position":1,"name":"Portada","item":"https:\/\/www.elcolmado.de\/es\/"},{"@type":"ListItem","position":2,"name":"\u00bfY t\u00fa con qui\u00e9n compartir\u00edas una tabla de jam\u00f3n ib\u00e9rico en el centro de Berl\u00edn? Nosotros lo tenemos claro, contigo"}]},{"@type":"WebSite","@id":"https:\/\/www.elcolmado.de\/#website","url":"https:\/\/www.elcolmado.de\/","name":"elcolmado.de","description":"Bar Tapas Berlin","potentialAction":[{"@type":"SearchAction","target":{"@type":"EntryPoint","urlTemplate":"https:\/\/www.elcolmado.de\/?s={search_term_string}"},"query-input":{"@type":"PropertyValueSpecification","valueRequired":true,"valueName":"search_term_string"}}],"inLanguage":"es"},{"@type":"Person","@id":"https:\/\/www.elcolmado.de\/#\/schema\/person\/10a4657c35ed10b2a0dc5ccaed3a5e6b","name":"Fernando Mart\u00edn","image":{"@type":"ImageObject","inLanguage":"es","@id":"https:\/\/secure.gravatar.com\/avatar\/d772dd7ff38aa047368b131f5378c5c2bd76585cad96272dc5d7cddb4a556c32?s=96&d=mm&r=g","url":"https:\/\/secure.gravatar.com\/avatar\/d772dd7ff38aa047368b131f5378c5c2bd76585cad96272dc5d7cddb4a556c32?s=96&d=mm&r=g","contentUrl":"https:\/\/secure.gravatar.com\/avatar\/d772dd7ff38aa047368b131f5378c5c2bd76585cad96272dc5d7cddb4a556c32?s=96&d=mm&r=g","caption":"Fernando Mart\u00edn"},"sameAs":["http:\/\/www.osobukomedia.com"],"url":"https:\/\/www.elcolmado.de\/es\/author\/fernando\/"}]}},"_links":{"self":[{"href":"https:\/\/www.elcolmado.de\/es\/wp-json\/wp\/v2\/posts\/2792","targetHints":{"allow":["GET"]}}],"collection":[{"href":"https:\/\/www.elcolmado.de\/es\/wp-json\/wp\/v2\/posts"}],"about":[{"href":"https:\/\/www.elcolmado.de\/es\/wp-json\/wp\/v2\/types\/post"}],"author":[{"embeddable":true,"href":"https:\/\/www.elcolmado.de\/es\/wp-json\/wp\/v2\/users\/2"}],"replies":[{"embeddable":true,"href":"https:\/\/www.elcolmado.de\/es\/wp-json\/wp\/v2\/comments?post=2792"}],"version-history":[{"count":3,"href":"https:\/\/www.elcolmado.de\/es\/wp-json\/wp\/v2\/posts\/2792\/revisions"}],"predecessor-version":[{"id":2798,"href":"https:\/\/www.elcolmado.de\/es\/wp-json\/wp\/v2\/posts\/2792\/revisions\/2798"}],"wp:featuredmedia":[{"embeddable":true,"href":"https:\/\/www.elcolmado.de\/es\/wp-json\/wp\/v2\/media\/2793"}],"wp:attachment":[{"href":"https:\/\/www.elcolmado.de\/es\/wp-json\/wp\/v2\/media?parent=2792"}],"wp:term":[{"taxonomy":"category","embeddable":true,"href":"https:\/\/www.elcolmado.de\/es\/wp-json\/wp\/v2\/categories?post=2792"},{"taxonomy":"post_tag","embeddable":true,"href":"https:\/\/www.elcolmado.de\/es\/wp-json\/wp\/v2\/tags?post=2792"}],"curies":[{"name":"wp","href":"https:\/\/api.w.org\/{rel}","templated":true}]}}