{"id":2808,"date":"2020-08-02T18:32:04","date_gmt":"2020-08-02T18:32:04","guid":{"rendered":"https:\/\/www.elcolmado.de\/?p=2808"},"modified":"2020-08-02T18:32:04","modified_gmt":"2020-08-02T18:32:04","slug":"ven-a-disfrutar-de-los-pintxos-espanoles-mas-frescos-para-combatir-el-calor-del-verano-en-berlin","status":"publish","type":"post","link":"https:\/\/www.elcolmado.de\/es\/ven-a-disfrutar-de-los-pintxos-espanoles-mas-frescos-para-combatir-el-calor-del-verano-en-berlin\/","title":{"rendered":"Ven a disfrutar de los pintxos espa\u00f1oles m\u00e1s frescos para combatir el calor del verano en Berl\u00edn"},"content":{"rendered":"<p>En El Colmado sentimos amor verdadero por la gastronom\u00eda espa\u00f1ola. Es por eso por lo que no queremos ponerle l\u00edmite a los platos t\u00edpicos, as\u00ed como alimentos que podemos presentaros para que disfrut\u00e9is de ella. Como bien sab\u00e9is, muchas son las regiones de Espa\u00f1a que aportan esa variedad tan singular como necesaria a la gastronom\u00eda espa\u00f1ola. Valencia con sus famosas paellas, Galicia con los sabrosos Pimientos del Padr\u00f3n o Andaluc\u00eda con ese exquisito gazpacho son perfectos ejemplos de ello. Sin embargo, y m\u00e1s en esta nueva normalidad a la que nos estamos adaptando, pensamos que a\u00fan podemos seguir ofreciendo servicios que nos destacan como un local que va m\u00e1s all\u00e1 de un <a href=\"https:\/\/www.elcolmado.de\/es\/\">Restaurante espa\u00f1ol en Berl\u00edn<\/a><strong>, <\/strong>as\u00ed como exponer m\u00e1s platos en el men\u00fa para para que nuestros comensales disfruten de una experiencia gastron\u00f3mica inolvidable.<\/p>\n<p>De ese modo, ofrecemos la opci\u00f3n de que te puedas hacer con productos gourmet para acercarte hasta tu propio hogar productos espa\u00f1oles de primera calidad. Aunque, para este post tenemos una noticia deliciosa que presentarte. Con nuestra terraza operativa, cumpliendo los protocolos y medidas de seguridad e higiene, queremos invitarte a que vengas a probar los <a href=\"https:\/\/www.elcolmado.de\/es\/menu\/\">pintxos espa\u00f1oles<\/a><strong>.<\/strong><\/p>\n<p><strong>\u00a0<\/strong><\/p>\n<h2>LOS PINTXOS ESPA\u00d1OLES, DELICIA Y VARIEDAD AL MISMO NIVEL<\/h2>\n<p>As\u00ed como las <strong>tapas espa\u00f1olas<\/strong>, tan caracter\u00edstica de la gastronom\u00eda espa\u00f1ola y tan bien representadas en El Colmado, los pintxos espa\u00f1oles tambi\u00e9n gozan de un prestigio y popular destacable en las regiones espa\u00f1olas. Los <strong>pintxos espa\u00f1oles <\/strong>se definen como una peque\u00f1a porci\u00f3n de comida sobre una base de pan. La sencillez del plato puede llevar a pensar que ese breve bocado se traducir\u00e1 en un sabor predecible y escaso. No obstante, si los elementos que incluyen el pintxo espa\u00f1ol son de gran calidad, como es en nuestro caso, la explosi\u00f3n del sabor se expande por el paladar con gran rapidez. En El Colmado creemos que la variedad es una nota positiva, por eso ofrecemos una importante lista de <strong>pintxos espa\u00f1oles <\/strong>para que puedas disfrutar de ellos con la compa\u00f1\u00eda que m\u00e1s te apetezca. Desde los mar\u00edtimos pimientos con anchoa y boquer\u00f3n con tomate, hasta los m\u00e1s cl\u00e1sicos con chorizo o salchich\u00f3n. En ese sentido, tambi\u00e9n ofrecemos pintxos m\u00e1s jugosos con puede ser el de queso con mermelada. Todos de un excelente sabor y de una calidad excelsa en cada alimento. Por \u00faltimo, debemos destacar, como siempre, el plato estrella, el pintxo de jam\u00f3n serrano. Ya no quedan muchas palabras para definir el majestuoso sabor de este alimento, as\u00ed que te invitamos a que vengas a probarlo y nos ayudes a aumentar tanto su definici\u00f3n como su legado.<\/p>\n<h3>SI TE HA GUSTADO ESTE POST SOBRE \u00bb VEN A DISFRUTAR DE LOS PINTXOS ESPA\u00d1OLES M\u00c1S FRESCOS PARA COMBATIR EL CALOR DEL VERANO EN BERL\u00cdN\u00bb\u00a0 SEGURAMENTE TE INTERESAR\u00c1\u2026<\/h3>\n<ul>\n<li class=\"entry_title\"><a title=\"\u00bfY t\u00fa con qui\u00e9n compartir\u00edas una tabla de jam\u00f3n ib\u00e9rico en el centro de Berl\u00edn? Nosotros lo tenemos claro, contigo\" href=\"https:\/\/www.elcolmado.de\/es\/y-tu-con-quien-compartirias-una-tabla-de-jamon-iberico-en-el-centro-de-berlin-nosotros-lo-tenemos-claro-contigo\/\" target=\"_self\" rel=\"noopener noreferrer\">\u00bfY t\u00fa con qui\u00e9n compartir\u00edas una tabla de jam\u00f3n ib\u00e9rico en el centro de Berl\u00edn? Nosotros lo tenemos claro, contigo<\/a><\/li>\n<li class=\"entry_title\"><a title=\"Ya estamos contando los d\u00edas para volver a disfrutar del sabor y el buen rollo de una buena sangr\u00eda espa\u00f1ola en el centro de Berl\u00edn\" href=\"https:\/\/www.elcolmado.de\/es\/ya-estamos-contando-los-dias-para-volver-a-disfrutar-del-sabor-y-el-buen-rollo-de-una-buena-sangria-espanola-en-el-centro-de-berlin\/\" target=\"_self\" rel=\"noopener noreferrer\">Ya estamos contando los d\u00edas para volver a disfrutar del sabor y el buen rollo de una buena sangr\u00eda espa\u00f1ola en el centro de Berl\u00edn<\/a><\/li>\n<\/ul>\n<p>&nbsp;<\/p>\n","protected":false},"excerpt":{"rendered":"<p>En El Colmado sentimos amor verdadero por la gastronom\u00eda espa\u00f1ola. Es por eso por lo que no queremos ponerle l\u00edmite a los platos t\u00edpicos, as\u00ed como alimentos que podemos presentaros para que disfrut\u00e9is de ella. Como bien sab\u00e9is, muchas son las regiones de Espa\u00f1a que&#8230;<\/p>\n","protected":false},"author":2,"featured_media":2809,"comment_status":"open","ping_status":"open","sticky":false,"template":"","format":"standard","meta":{"footnotes":""},"categories":[67],"tags":[13,47,134,15,48],"class_list":["post-2808","post","type-post","status-publish","format-standard","has-post-thumbnail","hentry","category-tapas-espanolas","tag-bar-de-tapas-en-berlin","tag-el-colmado-es","tag-pintxos-espanoles","tag-restaurante-espanol","tag-tapas-espanolas"],"yoast_head":"<!-- This site is optimized with the Yoast SEO plugin v27.5 - https:\/\/yoast.com\/product\/yoast-seo-wordpress\/ -->\n<title>Ven a disfrutar de los pintxos espa\u00f1oles m\u00e1s frescos para combatir el calor del verano en Berl\u00edn| El Colmado<\/title>\n<meta name=\"description\" content=\"Con nuestra terraza operativa, cumpliendo los protocolos y medidas de seguridad e higiene, queremos invitarte a que vengas a probar los pintxos espa\u00f1oles...\" \/>\n<meta name=\"robots\" content=\"index, follow, max-snippet:-1, max-image-preview:large, max-video-preview:-1\" \/>\n<link rel=\"canonical\" href=\"https:\/\/www.elcolmado.de\/es\/ven-a-disfrutar-de-los-pintxos-espanoles-mas-frescos-para-combatir-el-calor-del-verano-en-berlin\/\" \/>\n<meta property=\"og:locale\" content=\"es_ES\" \/>\n<meta property=\"og:type\" content=\"article\" \/>\n<meta property=\"og:title\" content=\"Ven a disfrutar de los pintxos espa\u00f1oles m\u00e1s frescos para combatir el calor del verano en Berl\u00edn| El Colmado\" \/>\n<meta property=\"og:description\" content=\"Con nuestra terraza operativa, cumpliendo los protocolos y medidas de seguridad e higiene, queremos invitarte a que vengas a probar los pintxos espa\u00f1oles...\" \/>\n<meta property=\"og:url\" content=\"https:\/\/www.elcolmado.de\/es\/ven-a-disfrutar-de-los-pintxos-espanoles-mas-frescos-para-combatir-el-calor-del-verano-en-berlin\/\" \/>\n<meta property=\"og:site_name\" content=\"elcolmado.de\" \/>\n<meta property=\"article:published_time\" content=\"2020-08-02T18:32:04+00:00\" \/>\n<meta property=\"og:image\" content=\"https:\/\/www.elcolmado.de\/wp-content\/uploads\/2020\/08\/Ven-a-disfrutar-de-los-pintxos-espanoles-mas-frescos-para-combatir-el-calor-del-verano-en-Berlin.jpg\" \/>\n\t<meta property=\"og:image:width\" content=\"1000\" \/>\n\t<meta property=\"og:image:height\" content=\"667\" \/>\n\t<meta property=\"og:image:type\" content=\"image\/jpeg\" \/>\n<meta name=\"author\" content=\"Fernando Mart\u00edn\" \/>\n<meta name=\"twitter:card\" content=\"summary_large_image\" \/>\n<meta name=\"twitter:label1\" content=\"Escrito por\" \/>\n\t<meta name=\"twitter:data1\" content=\"Fernando Mart\u00edn\" \/>\n\t<meta name=\"twitter:label2\" content=\"Tiempo de lectura\" \/>\n\t<meta name=\"twitter:data2\" content=\"3 minutos\" \/>\n<script type=\"application\/ld+json\" class=\"yoast-schema-graph\">{\"@context\":\"https:\\\/\\\/schema.org\",\"@graph\":[{\"@type\":\"Article\",\"@id\":\"https:\\\/\\\/www.elcolmado.de\\\/es\\\/ven-a-disfrutar-de-los-pintxos-espanoles-mas-frescos-para-combatir-el-calor-del-verano-en-berlin\\\/#article\",\"isPartOf\":{\"@id\":\"https:\\\/\\\/www.elcolmado.de\\\/es\\\/ven-a-disfrutar-de-los-pintxos-espanoles-mas-frescos-para-combatir-el-calor-del-verano-en-berlin\\\/\"},\"author\":{\"name\":\"Fernando Mart\u00edn\",\"@id\":\"https:\\\/\\\/www.elcolmado.de\\\/#\\\/schema\\\/person\\\/10a4657c35ed10b2a0dc5ccaed3a5e6b\"},\"headline\":\"Ven a disfrutar de los pintxos espa\u00f1oles m\u00e1s frescos para combatir el calor del verano en Berl\u00edn\",\"datePublished\":\"2020-08-02T18:32:04+00:00\",\"mainEntityOfPage\":{\"@id\":\"https:\\\/\\\/www.elcolmado.de\\\/es\\\/ven-a-disfrutar-de-los-pintxos-espanoles-mas-frescos-para-combatir-el-calor-del-verano-en-berlin\\\/\"},\"wordCount\":580,\"commentCount\":0,\"image\":{\"@id\":\"https:\\\/\\\/www.elcolmado.de\\\/es\\\/ven-a-disfrutar-de-los-pintxos-espanoles-mas-frescos-para-combatir-el-calor-del-verano-en-berlin\\\/#primaryimage\"},\"thumbnailUrl\":\"https:\\\/\\\/www.elcolmado.de\\\/wp-content\\\/uploads\\\/2020\\\/08\\\/Ven-a-disfrutar-de-los-pintxos-espanoles-mas-frescos-para-combatir-el-calor-del-verano-en-Berlin.jpg\",\"keywords\":[\"Bar de Tapas en Berl\u00edn\",\"El Colmado\",\"Pintxos Espa\u00f1oles\",\"Restaurante Espa\u00f1ol\",\"Tapas Espa\u00f1olas\"],\"articleSection\":[\"Tapas Espa\u00f1olas\"],\"inLanguage\":\"es\",\"potentialAction\":[{\"@type\":\"CommentAction\",\"name\":\"Comment\",\"target\":[\"https:\\\/\\\/www.elcolmado.de\\\/es\\\/ven-a-disfrutar-de-los-pintxos-espanoles-mas-frescos-para-combatir-el-calor-del-verano-en-berlin\\\/#respond\"]}]},{\"@type\":\"WebPage\",\"@id\":\"https:\\\/\\\/www.elcolmado.de\\\/es\\\/ven-a-disfrutar-de-los-pintxos-espanoles-mas-frescos-para-combatir-el-calor-del-verano-en-berlin\\\/\",\"url\":\"https:\\\/\\\/www.elcolmado.de\\\/es\\\/ven-a-disfrutar-de-los-pintxos-espanoles-mas-frescos-para-combatir-el-calor-del-verano-en-berlin\\\/\",\"name\":\"Ven a disfrutar de los pintxos espa\u00f1oles m\u00e1s frescos para combatir el calor del verano en Berl\u00edn| El Colmado\",\"isPartOf\":{\"@id\":\"https:\\\/\\\/www.elcolmado.de\\\/#website\"},\"primaryImageOfPage\":{\"@id\":\"https:\\\/\\\/www.elcolmado.de\\\/es\\\/ven-a-disfrutar-de-los-pintxos-espanoles-mas-frescos-para-combatir-el-calor-del-verano-en-berlin\\\/#primaryimage\"},\"image\":{\"@id\":\"https:\\\/\\\/www.elcolmado.de\\\/es\\\/ven-a-disfrutar-de-los-pintxos-espanoles-mas-frescos-para-combatir-el-calor-del-verano-en-berlin\\\/#primaryimage\"},\"thumbnailUrl\":\"https:\\\/\\\/www.elcolmado.de\\\/wp-content\\\/uploads\\\/2020\\\/08\\\/Ven-a-disfrutar-de-los-pintxos-espanoles-mas-frescos-para-combatir-el-calor-del-verano-en-Berlin.jpg\",\"datePublished\":\"2020-08-02T18:32:04+00:00\",\"author\":{\"@id\":\"https:\\\/\\\/www.elcolmado.de\\\/#\\\/schema\\\/person\\\/10a4657c35ed10b2a0dc5ccaed3a5e6b\"},\"description\":\"Con nuestra terraza operativa, cumpliendo los protocolos y medidas de seguridad e higiene, queremos invitarte a que vengas a probar los pintxos espa\u00f1oles...\",\"breadcrumb\":{\"@id\":\"https:\\\/\\\/www.elcolmado.de\\\/es\\\/ven-a-disfrutar-de-los-pintxos-espanoles-mas-frescos-para-combatir-el-calor-del-verano-en-berlin\\\/#breadcrumb\"},\"inLanguage\":\"es\",\"potentialAction\":[{\"@type\":\"ReadAction\",\"target\":[\"https:\\\/\\\/www.elcolmado.de\\\/es\\\/ven-a-disfrutar-de-los-pintxos-espanoles-mas-frescos-para-combatir-el-calor-del-verano-en-berlin\\\/\"]}]},{\"@type\":\"ImageObject\",\"inLanguage\":\"es\",\"@id\":\"https:\\\/\\\/www.elcolmado.de\\\/es\\\/ven-a-disfrutar-de-los-pintxos-espanoles-mas-frescos-para-combatir-el-calor-del-verano-en-berlin\\\/#primaryimage\",\"url\":\"https:\\\/\\\/www.elcolmado.de\\\/wp-content\\\/uploads\\\/2020\\\/08\\\/Ven-a-disfrutar-de-los-pintxos-espanoles-mas-frescos-para-combatir-el-calor-del-verano-en-Berlin.jpg\",\"contentUrl\":\"https:\\\/\\\/www.elcolmado.de\\\/wp-content\\\/uploads\\\/2020\\\/08\\\/Ven-a-disfrutar-de-los-pintxos-espanoles-mas-frescos-para-combatir-el-calor-del-verano-en-Berlin.jpg\",\"width\":1000,\"height\":667},{\"@type\":\"BreadcrumbList\",\"@id\":\"https:\\\/\\\/www.elcolmado.de\\\/es\\\/ven-a-disfrutar-de-los-pintxos-espanoles-mas-frescos-para-combatir-el-calor-del-verano-en-berlin\\\/#breadcrumb\",\"itemListElement\":[{\"@type\":\"ListItem\",\"position\":1,\"name\":\"Portada\",\"item\":\"https:\\\/\\\/www.elcolmado.de\\\/es\\\/\"},{\"@type\":\"ListItem\",\"position\":2,\"name\":\"Ven a disfrutar de los pintxos espa\u00f1oles m\u00e1s frescos para combatir el calor del verano en Berl\u00edn\"}]},{\"@type\":\"WebSite\",\"@id\":\"https:\\\/\\\/www.elcolmado.de\\\/#website\",\"url\":\"https:\\\/\\\/www.elcolmado.de\\\/\",\"name\":\"elcolmado.de\",\"description\":\"Bar Tapas Berlin\",\"potentialAction\":[{\"@type\":\"SearchAction\",\"target\":{\"@type\":\"EntryPoint\",\"urlTemplate\":\"https:\\\/\\\/www.elcolmado.de\\\/?s={search_term_string}\"},\"query-input\":{\"@type\":\"PropertyValueSpecification\",\"valueRequired\":true,\"valueName\":\"search_term_string\"}}],\"inLanguage\":\"es\"},{\"@type\":\"Person\",\"@id\":\"https:\\\/\\\/www.elcolmado.de\\\/#\\\/schema\\\/person\\\/10a4657c35ed10b2a0dc5ccaed3a5e6b\",\"name\":\"Fernando Mart\u00edn\",\"image\":{\"@type\":\"ImageObject\",\"inLanguage\":\"es\",\"@id\":\"https:\\\/\\\/secure.gravatar.com\\\/avatar\\\/d772dd7ff38aa047368b131f5378c5c2bd76585cad96272dc5d7cddb4a556c32?s=96&d=mm&r=g\",\"url\":\"https:\\\/\\\/secure.gravatar.com\\\/avatar\\\/d772dd7ff38aa047368b131f5378c5c2bd76585cad96272dc5d7cddb4a556c32?s=96&d=mm&r=g\",\"contentUrl\":\"https:\\\/\\\/secure.gravatar.com\\\/avatar\\\/d772dd7ff38aa047368b131f5378c5c2bd76585cad96272dc5d7cddb4a556c32?s=96&d=mm&r=g\",\"caption\":\"Fernando Mart\u00edn\"},\"sameAs\":[\"http:\\\/\\\/www.osobukomedia.com\"],\"url\":\"https:\\\/\\\/www.elcolmado.de\\\/es\\\/author\\\/fernando\\\/\"}]}<\/script>\n<!-- \/ Yoast SEO plugin. -->","yoast_head_json":{"title":"Ven a disfrutar de los pintxos espa\u00f1oles m\u00e1s frescos para combatir el calor del verano en Berl\u00edn| El Colmado","description":"Con nuestra terraza operativa, cumpliendo los protocolos y medidas de seguridad e higiene, queremos invitarte a que vengas a probar los pintxos espa\u00f1oles...","robots":{"index":"index","follow":"follow","max-snippet":"max-snippet:-1","max-image-preview":"max-image-preview:large","max-video-preview":"max-video-preview:-1"},"canonical":"https:\/\/www.elcolmado.de\/es\/ven-a-disfrutar-de-los-pintxos-espanoles-mas-frescos-para-combatir-el-calor-del-verano-en-berlin\/","og_locale":"es_ES","og_type":"article","og_title":"Ven a disfrutar de los pintxos espa\u00f1oles m\u00e1s frescos para combatir el calor del verano en Berl\u00edn| El Colmado","og_description":"Con nuestra terraza operativa, cumpliendo los protocolos y medidas de seguridad e higiene, queremos invitarte a que vengas a probar los pintxos espa\u00f1oles...","og_url":"https:\/\/www.elcolmado.de\/es\/ven-a-disfrutar-de-los-pintxos-espanoles-mas-frescos-para-combatir-el-calor-del-verano-en-berlin\/","og_site_name":"elcolmado.de","article_published_time":"2020-08-02T18:32:04+00:00","og_image":[{"width":1000,"height":667,"url":"https:\/\/www.elcolmado.de\/wp-content\/uploads\/2020\/08\/Ven-a-disfrutar-de-los-pintxos-espanoles-mas-frescos-para-combatir-el-calor-del-verano-en-Berlin.jpg","type":"image\/jpeg"}],"author":"Fernando Mart\u00edn","twitter_card":"summary_large_image","twitter_misc":{"Escrito por":"Fernando Mart\u00edn","Tiempo de lectura":"3 minutos"},"schema":{"@context":"https:\/\/schema.org","@graph":[{"@type":"Article","@id":"https:\/\/www.elcolmado.de\/es\/ven-a-disfrutar-de-los-pintxos-espanoles-mas-frescos-para-combatir-el-calor-del-verano-en-berlin\/#article","isPartOf":{"@id":"https:\/\/www.elcolmado.de\/es\/ven-a-disfrutar-de-los-pintxos-espanoles-mas-frescos-para-combatir-el-calor-del-verano-en-berlin\/"},"author":{"name":"Fernando Mart\u00edn","@id":"https:\/\/www.elcolmado.de\/#\/schema\/person\/10a4657c35ed10b2a0dc5ccaed3a5e6b"},"headline":"Ven a disfrutar de los pintxos espa\u00f1oles m\u00e1s frescos para combatir el calor del verano en Berl\u00edn","datePublished":"2020-08-02T18:32:04+00:00","mainEntityOfPage":{"@id":"https:\/\/www.elcolmado.de\/es\/ven-a-disfrutar-de-los-pintxos-espanoles-mas-frescos-para-combatir-el-calor-del-verano-en-berlin\/"},"wordCount":580,"commentCount":0,"image":{"@id":"https:\/\/www.elcolmado.de\/es\/ven-a-disfrutar-de-los-pintxos-espanoles-mas-frescos-para-combatir-el-calor-del-verano-en-berlin\/#primaryimage"},"thumbnailUrl":"https:\/\/www.elcolmado.de\/wp-content\/uploads\/2020\/08\/Ven-a-disfrutar-de-los-pintxos-espanoles-mas-frescos-para-combatir-el-calor-del-verano-en-Berlin.jpg","keywords":["Bar de Tapas en Berl\u00edn","El Colmado","Pintxos Espa\u00f1oles","Restaurante Espa\u00f1ol","Tapas Espa\u00f1olas"],"articleSection":["Tapas Espa\u00f1olas"],"inLanguage":"es","potentialAction":[{"@type":"CommentAction","name":"Comment","target":["https:\/\/www.elcolmado.de\/es\/ven-a-disfrutar-de-los-pintxos-espanoles-mas-frescos-para-combatir-el-calor-del-verano-en-berlin\/#respond"]}]},{"@type":"WebPage","@id":"https:\/\/www.elcolmado.de\/es\/ven-a-disfrutar-de-los-pintxos-espanoles-mas-frescos-para-combatir-el-calor-del-verano-en-berlin\/","url":"https:\/\/www.elcolmado.de\/es\/ven-a-disfrutar-de-los-pintxos-espanoles-mas-frescos-para-combatir-el-calor-del-verano-en-berlin\/","name":"Ven a disfrutar de los pintxos espa\u00f1oles m\u00e1s frescos para combatir el calor del verano en Berl\u00edn| El Colmado","isPartOf":{"@id":"https:\/\/www.elcolmado.de\/#website"},"primaryImageOfPage":{"@id":"https:\/\/www.elcolmado.de\/es\/ven-a-disfrutar-de-los-pintxos-espanoles-mas-frescos-para-combatir-el-calor-del-verano-en-berlin\/#primaryimage"},"image":{"@id":"https:\/\/www.elcolmado.de\/es\/ven-a-disfrutar-de-los-pintxos-espanoles-mas-frescos-para-combatir-el-calor-del-verano-en-berlin\/#primaryimage"},"thumbnailUrl":"https:\/\/www.elcolmado.de\/wp-content\/uploads\/2020\/08\/Ven-a-disfrutar-de-los-pintxos-espanoles-mas-frescos-para-combatir-el-calor-del-verano-en-Berlin.jpg","datePublished":"2020-08-02T18:32:04+00:00","author":{"@id":"https:\/\/www.elcolmado.de\/#\/schema\/person\/10a4657c35ed10b2a0dc5ccaed3a5e6b"},"description":"Con nuestra terraza operativa, cumpliendo los protocolos y medidas de seguridad e higiene, queremos invitarte a que vengas a probar los pintxos espa\u00f1oles...","breadcrumb":{"@id":"https:\/\/www.elcolmado.de\/es\/ven-a-disfrutar-de-los-pintxos-espanoles-mas-frescos-para-combatir-el-calor-del-verano-en-berlin\/#breadcrumb"},"inLanguage":"es","potentialAction":[{"@type":"ReadAction","target":["https:\/\/www.elcolmado.de\/es\/ven-a-disfrutar-de-los-pintxos-espanoles-mas-frescos-para-combatir-el-calor-del-verano-en-berlin\/"]}]},{"@type":"ImageObject","inLanguage":"es","@id":"https:\/\/www.elcolmado.de\/es\/ven-a-disfrutar-de-los-pintxos-espanoles-mas-frescos-para-combatir-el-calor-del-verano-en-berlin\/#primaryimage","url":"https:\/\/www.elcolmado.de\/wp-content\/uploads\/2020\/08\/Ven-a-disfrutar-de-los-pintxos-espanoles-mas-frescos-para-combatir-el-calor-del-verano-en-Berlin.jpg","contentUrl":"https:\/\/www.elcolmado.de\/wp-content\/uploads\/2020\/08\/Ven-a-disfrutar-de-los-pintxos-espanoles-mas-frescos-para-combatir-el-calor-del-verano-en-Berlin.jpg","width":1000,"height":667},{"@type":"BreadcrumbList","@id":"https:\/\/www.elcolmado.de\/es\/ven-a-disfrutar-de-los-pintxos-espanoles-mas-frescos-para-combatir-el-calor-del-verano-en-berlin\/#breadcrumb","itemListElement":[{"@type":"ListItem","position":1,"name":"Portada","item":"https:\/\/www.elcolmado.de\/es\/"},{"@type":"ListItem","position":2,"name":"Ven a disfrutar de los pintxos espa\u00f1oles m\u00e1s frescos para combatir el calor del verano en Berl\u00edn"}]},{"@type":"WebSite","@id":"https:\/\/www.elcolmado.de\/#website","url":"https:\/\/www.elcolmado.de\/","name":"elcolmado.de","description":"Bar Tapas Berlin","potentialAction":[{"@type":"SearchAction","target":{"@type":"EntryPoint","urlTemplate":"https:\/\/www.elcolmado.de\/?s={search_term_string}"},"query-input":{"@type":"PropertyValueSpecification","valueRequired":true,"valueName":"search_term_string"}}],"inLanguage":"es"},{"@type":"Person","@id":"https:\/\/www.elcolmado.de\/#\/schema\/person\/10a4657c35ed10b2a0dc5ccaed3a5e6b","name":"Fernando Mart\u00edn","image":{"@type":"ImageObject","inLanguage":"es","@id":"https:\/\/secure.gravatar.com\/avatar\/d772dd7ff38aa047368b131f5378c5c2bd76585cad96272dc5d7cddb4a556c32?s=96&d=mm&r=g","url":"https:\/\/secure.gravatar.com\/avatar\/d772dd7ff38aa047368b131f5378c5c2bd76585cad96272dc5d7cddb4a556c32?s=96&d=mm&r=g","contentUrl":"https:\/\/secure.gravatar.com\/avatar\/d772dd7ff38aa047368b131f5378c5c2bd76585cad96272dc5d7cddb4a556c32?s=96&d=mm&r=g","caption":"Fernando Mart\u00edn"},"sameAs":["http:\/\/www.osobukomedia.com"],"url":"https:\/\/www.elcolmado.de\/es\/author\/fernando\/"}]}},"_links":{"self":[{"href":"https:\/\/www.elcolmado.de\/es\/wp-json\/wp\/v2\/posts\/2808","targetHints":{"allow":["GET"]}}],"collection":[{"href":"https:\/\/www.elcolmado.de\/es\/wp-json\/wp\/v2\/posts"}],"about":[{"href":"https:\/\/www.elcolmado.de\/es\/wp-json\/wp\/v2\/types\/post"}],"author":[{"embeddable":true,"href":"https:\/\/www.elcolmado.de\/es\/wp-json\/wp\/v2\/users\/2"}],"replies":[{"embeddable":true,"href":"https:\/\/www.elcolmado.de\/es\/wp-json\/wp\/v2\/comments?post=2808"}],"version-history":[{"count":1,"href":"https:\/\/www.elcolmado.de\/es\/wp-json\/wp\/v2\/posts\/2808\/revisions"}],"predecessor-version":[{"id":2812,"href":"https:\/\/www.elcolmado.de\/es\/wp-json\/wp\/v2\/posts\/2808\/revisions\/2812"}],"wp:featuredmedia":[{"embeddable":true,"href":"https:\/\/www.elcolmado.de\/es\/wp-json\/wp\/v2\/media\/2809"}],"wp:attachment":[{"href":"https:\/\/www.elcolmado.de\/es\/wp-json\/wp\/v2\/media?parent=2808"}],"wp:term":[{"taxonomy":"category","embeddable":true,"href":"https:\/\/www.elcolmado.de\/es\/wp-json\/wp\/v2\/categories?post=2808"},{"taxonomy":"post_tag","embeddable":true,"href":"https:\/\/www.elcolmado.de\/es\/wp-json\/wp\/v2\/tags?post=2808"}],"curies":[{"name":"wp","href":"https:\/\/api.w.org\/{rel}","templated":true}]}}