{"id":3053,"date":"2020-09-03T15:07:14","date_gmt":"2020-09-03T15:07:14","guid":{"rendered":"https:\/\/www.elcolmado.de\/?p=3053"},"modified":"2020-09-03T15:07:14","modified_gmt":"2020-09-03T15:07:14","slug":"quieres-contratar-nuestro-servicio-de-catering-espanol-descubre-con-el-colmado-el-mas-adecuado-para-tu-evento","status":"publish","type":"post","link":"https:\/\/www.elcolmado.de\/es\/quieres-contratar-nuestro-servicio-de-catering-espanol-descubre-con-el-colmado-el-mas-adecuado-para-tu-evento\/","title":{"rendered":"\u00bfQuieres contratar nuestro servicio de catering espa\u00f1ol? Descubre con El Colmado el m\u00e1s adecuado para tu evento"},"content":{"rendered":"<p>Sabemos perfectamente los diferentes inconvenientes que pueden acontecerse en el proceso de contrataci\u00f3n de un <a href=\"https:\/\/www.elcolmado.de\/es\/servicios\/\">servicio de catering <\/a>para un evento. Muchos son los contratiempos que se pueden ocasionar, pero en El Colmado ya conocemos c\u00f3mo realizar un servicio de catering de comida espa\u00f1ola excelente. Es por ello por lo que podemos asegurarte que cumplimos a la perfecci\u00f3n con los diferentes hitos exigibles para una ceremonia as\u00ed.<\/p>\n<ul>\n<li>Comunicaci\u00f3n: estamos en contacto desde todo momento, con respuestas r\u00e1pidas y La comunicaci\u00f3n es esencial para lograr convertir el servicio de catering de Tapas en el eventodeseadodesde elprimer instante.<\/li>\n<li>Organizaci\u00f3n: En El Colmado valoramos la estructura y planificaci\u00f3n. Ofrecemos un servicio variadode catering a elegir con<\/li>\n<li>Experiencia y especializaci\u00f3n: ya son varios a\u00f1os representando fielmente la gastronom\u00eda espa\u00f1ola en la Somos la referencia, siendo el mejor y m\u00e1s valorado <a href=\"https:\/\/www.elcolmado.de\/es\/\">restaurante espa\u00f1ol en Berl\u00edn<\/a>.<\/li>\n<li>Servicio de atenci\u00f3n al cliente: Las necesidades y expectativas del cliente son la referencia principal. Nuestras prioridades son lograr cumplir todas las especificaciones marcadas y Para ello, la comunicaci\u00f3n y atenci\u00f3n al cliente son la clave.<\/li>\n<li>Flexibilidad: Ofrecemos diversos tipos de men\u00fas y complementos como puede ser la magnifica paella. Diferentes posibilidades de acercarte a la cultura gastron\u00f3mica espa\u00f1ola desde perspectivas distintas.<\/li>\n<li>Comentarios de clientes: El cliente es nuestra principal preferencia. Nos aseguremos de realizar un servicio de catering de tapas espa\u00f1olas excelente para no solo cumplir con las expectativas deseadas, sinopara que vuelvan a confiar en nosotros para pr\u00f3ximos<\/li>\n<\/ul>\n<p>&nbsp;<\/p>\n<h2>ELIGE LA MEJOR OPCI\u00d3N DE CATERING PARA TI<\/h2>\n<p>&nbsp;<\/p>\n<p>En primer lugar, es esencial destacar que con el catering de El Colmado no s\u00f3lo degustar\u00e1s los mejores productos espa\u00f1oles de la ciudad tra\u00eddos directamente de Espa\u00f1a, sino que adem\u00e1s formar\u00e1s parte de nuestro movimiento \u201cCOMIDA POR COMIDA\u201d: por cada producto que consumas, alimentamos a cuatro ni\u00f1os que padecen hambre en colaboraci\u00f3n con la ONG Mary\u2019s Meals. En segundo lugar, podemos destacar que nuestras opciones de catering espa\u00f1ol son deliciosas e irrechazables, ofrecemos 3 opciones que contemplan tapas, raciones, vinos y bebidas m\u00e1s postre. A continuaci\u00f3n, realizaremos una breve pincelada de cada uno, puede acceder a ellos en nuestra web o contactar con nosotros para ampliar cualquier informaci\u00f3n y\/o resolver cualquier duda.<\/p>\n<ul>\n<li>La primera opci\u00f3n de men\u00fa es la Tapeo. Destacamos la brocheta de Queso Curado de oveja \u2013Premio Oro Mejor Queso del Mundo 2015 \u2013 y uvas as\u00ed comola incre\u00edble Tortilla de Patata. Como Vino, el Vino tinto: C\u00f3dice Bio (Tierra de Castilla) y como postre la Tarta de Santiago.<\/li>\n<\/ul>\n<p>&nbsp;<\/p>\n<ul>\n<li>La segunda opci\u00f3n del men\u00fa es la Paladar. Destacamos el Mini blini de lomo de bacalao y pimiento del piquillo, las croquetas de Jam\u00f3n ib\u00e9rico y una selecci\u00f3n de Quesos espa\u00f1oles de primer nivel. Como vino, el Vino blanco: O Roncal (Godello, Galicia) y como postre la Tartita de tres<\/li>\n<\/ul>\n<p>&nbsp;<\/p>\n<ul>\n<li>La tercera opci\u00f3n es la Majestuoso. Destacamos las tapas; croqueta de Bacalao y Gambas, el crujiente de morcilla y manzana y la Coca d \u0301Escalivada. Como raci\u00f3n: la Carrillera de ternera con parmentier de patata y trufa y frutos secos. Como vino, el Vino tinto: Taneo BIO (Ribera del Duero) y como postre el vasito con pudding de caramelo con crujiente de turr\u00f3n.<\/li>\n<\/ul>\n<p>&nbsp;<\/p>\n<p>Sin embargo, aun ofrecemos m\u00e1s servicios. Como la parada de jam\u00f3n ib\u00e9rico con un cortador profesional de jam\u00f3n para deleitarse de este magn\u00edfico alimento cortado de forma excelente. Del mismo modo, tambi\u00e9n ofrecemos la posibilidad de contratar una parada de paella con las opciones de la valenciana de pollo y conejo, la de marisco y la de verdura. En El Colmado ofrecemos un servicio de catering de comida espa\u00f1ola de una calidad inigualable. Cont\u00e1ctanos para que conozcamos qu\u00e9 clase de evento desea y c\u00f3mo podemos hacer realidad todas las expectativas.<\/p>\n<p>&nbsp;<\/p>\n<h3>SI TE HA GUSTADO ESTE POST SOBRE \u00bb \u00bfQUIERES CONTRATAR NUESTRO SERVICIO DE CATERING ESPA\u00d1OL? DESCUBRE CON EL COLMADO EL M\u00c1S ADECUADO PARA TU EVENTO\u00bb\u00a0 \u00a0SEGURAMENTE TE INTERESAR\u00c1\u2026<\/h3>\n<ul>\n<li class=\"entry_title\"><a title=\"\u00a1Este verano en El Colmado te preparamos las mejores tapas espa\u00f1olas para acompa\u00f1ar una cerveza bien fr\u00eda en el centro de Berl\u00edn!\" href=\"https:\/\/www.elcolmado.de\/es\/este-verano-en-el-colmado-te-preparamos-las-mejores-tapas-espanolas-para-acompanar-una-cerveza-bien-fria-en-el-centro-de-berlin\/\" target=\"_self\" rel=\"noopener noreferrer\">\u00a1Este verano en El Colmado te preparamos las mejores tapas espa\u00f1olas para acompa\u00f1ar una cerveza bien fr\u00eda en el centro de Berl\u00edn!<\/a><\/li>\n<li class=\"entry_title\"><a title=\"Ven a disfrutar de los pintxos espa\u00f1oles m\u00e1s frescos para combatir el calor del verano en Berl\u00edn\" href=\"https:\/\/www.elcolmado.de\/es\/ven-a-disfrutar-de-los-pintxos-espanoles-mas-frescos-para-combatir-el-calor-del-verano-en-berlin\/\" target=\"_self\" rel=\"noopener noreferrer\">Ven a disfrutar de los pintxos espa\u00f1oles m\u00e1s frescos para combatir el calor del verano en Berl\u00edn<\/a><\/li>\n<\/ul>\n","protected":false},"excerpt":{"rendered":"<p>Sabemos perfectamente los diferentes inconvenientes que pueden acontecerse en el proceso de contrataci\u00f3n de un servicio de catering para un evento. Muchos son los contratiempos que se pueden ocasionar, pero en El Colmado ya conocemos c\u00f3mo realizar un servicio de catering de comida espa\u00f1ola excelente&#8230;.<\/p>\n","protected":false},"author":2,"featured_media":3058,"comment_status":"open","ping_status":"open","sticky":false,"template":"","format":"standard","meta":{"footnotes":""},"categories":[70],"tags":[13,47,15,71,48],"class_list":["post-3053","post","type-post","status-publish","format-standard","has-post-thumbnail","hentry","category-servicio-de-catering","tag-bar-de-tapas-en-berlin","tag-el-colmado-es","tag-restaurante-espanol","tag-servicio-de-catering","tag-tapas-espanolas"],"yoast_head":"<!-- This site is optimized with the Yoast SEO plugin v27.5 - https:\/\/yoast.com\/product\/yoast-seo-wordpress\/ -->\n<title>\u00bfQuieres contratar nuestro servicio de catering espa\u00f1ol? Descubre con El Colmado el m\u00e1s adecuado para tu evento| El Colmado<\/title>\n<meta name=\"description\" content=\"Sabemos perfectamente los diferentes inconvenientes que pueden acontecerse en el proceso de contrataci\u00f3n de un servicio de catering para un evento...\" \/>\n<meta name=\"robots\" content=\"index, follow, max-snippet:-1, max-image-preview:large, max-video-preview:-1\" \/>\n<link rel=\"canonical\" href=\"https:\/\/www.elcolmado.de\/es\/quieres-contratar-nuestro-servicio-de-catering-espanol-descubre-con-el-colmado-el-mas-adecuado-para-tu-evento\/\" \/>\n<meta property=\"og:locale\" content=\"es_ES\" \/>\n<meta property=\"og:type\" content=\"article\" \/>\n<meta property=\"og:title\" content=\"\u00bfQuieres contratar nuestro servicio de catering espa\u00f1ol? Descubre con El Colmado el m\u00e1s adecuado para tu evento| El Colmado\" \/>\n<meta property=\"og:description\" content=\"Sabemos perfectamente los diferentes inconvenientes que pueden acontecerse en el proceso de contrataci\u00f3n de un servicio de catering para un evento...\" \/>\n<meta property=\"og:url\" content=\"https:\/\/www.elcolmado.de\/es\/quieres-contratar-nuestro-servicio-de-catering-espanol-descubre-con-el-colmado-el-mas-adecuado-para-tu-evento\/\" \/>\n<meta property=\"og:site_name\" content=\"elcolmado.de\" \/>\n<meta property=\"article:published_time\" content=\"2020-09-03T15:07:14+00:00\" \/>\n<meta property=\"og:image\" content=\"https:\/\/www.elcolmado.de\/wp-content\/uploads\/2020\/09\/Quieres-contratar-nuestro-servicio-de-catering-espanolDescubre-con-El-Colmado-el-mas-adecuado-para-tu-evento.jpg\" \/>\n\t<meta property=\"og:image:width\" content=\"1000\" \/>\n\t<meta property=\"og:image:height\" content=\"667\" \/>\n\t<meta property=\"og:image:type\" content=\"image\/jpeg\" \/>\n<meta name=\"author\" content=\"Fernando Mart\u00edn\" \/>\n<meta name=\"twitter:card\" content=\"summary_large_image\" \/>\n<meta name=\"twitter:label1\" content=\"Escrito por\" \/>\n\t<meta name=\"twitter:data1\" content=\"Fernando Mart\u00edn\" \/>\n\t<meta name=\"twitter:label2\" content=\"Tiempo de lectura\" \/>\n\t<meta name=\"twitter:data2\" content=\"4 minutos\" \/>\n<script type=\"application\/ld+json\" class=\"yoast-schema-graph\">{\"@context\":\"https:\\\/\\\/schema.org\",\"@graph\":[{\"@type\":\"Article\",\"@id\":\"https:\\\/\\\/www.elcolmado.de\\\/es\\\/quieres-contratar-nuestro-servicio-de-catering-espanol-descubre-con-el-colmado-el-mas-adecuado-para-tu-evento\\\/#article\",\"isPartOf\":{\"@id\":\"https:\\\/\\\/www.elcolmado.de\\\/es\\\/quieres-contratar-nuestro-servicio-de-catering-espanol-descubre-con-el-colmado-el-mas-adecuado-para-tu-evento\\\/\"},\"author\":{\"name\":\"Fernando Mart\u00edn\",\"@id\":\"https:\\\/\\\/www.elcolmado.de\\\/#\\\/schema\\\/person\\\/10a4657c35ed10b2a0dc5ccaed3a5e6b\"},\"headline\":\"\u00bfQuieres contratar nuestro servicio de catering espa\u00f1ol? Descubre con El Colmado el m\u00e1s adecuado para tu evento\",\"datePublished\":\"2020-09-03T15:07:14+00:00\",\"mainEntityOfPage\":{\"@id\":\"https:\\\/\\\/www.elcolmado.de\\\/es\\\/quieres-contratar-nuestro-servicio-de-catering-espanol-descubre-con-el-colmado-el-mas-adecuado-para-tu-evento\\\/\"},\"wordCount\":769,\"commentCount\":0,\"image\":{\"@id\":\"https:\\\/\\\/www.elcolmado.de\\\/es\\\/quieres-contratar-nuestro-servicio-de-catering-espanol-descubre-con-el-colmado-el-mas-adecuado-para-tu-evento\\\/#primaryimage\"},\"thumbnailUrl\":\"https:\\\/\\\/www.elcolmado.de\\\/wp-content\\\/uploads\\\/2020\\\/09\\\/Quieres-contratar-nuestro-servicio-de-catering-espanolDescubre-con-El-Colmado-el-mas-adecuado-para-tu-evento.jpg\",\"keywords\":[\"Bar de Tapas en Berl\u00edn\",\"El Colmado\",\"Restaurante Espa\u00f1ol\",\"Servicio de Catering\",\"Tapas Espa\u00f1olas\"],\"articleSection\":[\"Servicio de Catering\"],\"inLanguage\":\"es\",\"potentialAction\":[{\"@type\":\"CommentAction\",\"name\":\"Comment\",\"target\":[\"https:\\\/\\\/www.elcolmado.de\\\/es\\\/quieres-contratar-nuestro-servicio-de-catering-espanol-descubre-con-el-colmado-el-mas-adecuado-para-tu-evento\\\/#respond\"]}]},{\"@type\":\"WebPage\",\"@id\":\"https:\\\/\\\/www.elcolmado.de\\\/es\\\/quieres-contratar-nuestro-servicio-de-catering-espanol-descubre-con-el-colmado-el-mas-adecuado-para-tu-evento\\\/\",\"url\":\"https:\\\/\\\/www.elcolmado.de\\\/es\\\/quieres-contratar-nuestro-servicio-de-catering-espanol-descubre-con-el-colmado-el-mas-adecuado-para-tu-evento\\\/\",\"name\":\"\u00bfQuieres contratar nuestro servicio de catering espa\u00f1ol? Descubre con El Colmado el m\u00e1s adecuado para tu evento| El Colmado\",\"isPartOf\":{\"@id\":\"https:\\\/\\\/www.elcolmado.de\\\/#website\"},\"primaryImageOfPage\":{\"@id\":\"https:\\\/\\\/www.elcolmado.de\\\/es\\\/quieres-contratar-nuestro-servicio-de-catering-espanol-descubre-con-el-colmado-el-mas-adecuado-para-tu-evento\\\/#primaryimage\"},\"image\":{\"@id\":\"https:\\\/\\\/www.elcolmado.de\\\/es\\\/quieres-contratar-nuestro-servicio-de-catering-espanol-descubre-con-el-colmado-el-mas-adecuado-para-tu-evento\\\/#primaryimage\"},\"thumbnailUrl\":\"https:\\\/\\\/www.elcolmado.de\\\/wp-content\\\/uploads\\\/2020\\\/09\\\/Quieres-contratar-nuestro-servicio-de-catering-espanolDescubre-con-El-Colmado-el-mas-adecuado-para-tu-evento.jpg\",\"datePublished\":\"2020-09-03T15:07:14+00:00\",\"author\":{\"@id\":\"https:\\\/\\\/www.elcolmado.de\\\/#\\\/schema\\\/person\\\/10a4657c35ed10b2a0dc5ccaed3a5e6b\"},\"description\":\"Sabemos perfectamente los diferentes inconvenientes que pueden acontecerse en el proceso de contrataci\u00f3n de un servicio de catering para un evento...\",\"breadcrumb\":{\"@id\":\"https:\\\/\\\/www.elcolmado.de\\\/es\\\/quieres-contratar-nuestro-servicio-de-catering-espanol-descubre-con-el-colmado-el-mas-adecuado-para-tu-evento\\\/#breadcrumb\"},\"inLanguage\":\"es\",\"potentialAction\":[{\"@type\":\"ReadAction\",\"target\":[\"https:\\\/\\\/www.elcolmado.de\\\/es\\\/quieres-contratar-nuestro-servicio-de-catering-espanol-descubre-con-el-colmado-el-mas-adecuado-para-tu-evento\\\/\"]}]},{\"@type\":\"ImageObject\",\"inLanguage\":\"es\",\"@id\":\"https:\\\/\\\/www.elcolmado.de\\\/es\\\/quieres-contratar-nuestro-servicio-de-catering-espanol-descubre-con-el-colmado-el-mas-adecuado-para-tu-evento\\\/#primaryimage\",\"url\":\"https:\\\/\\\/www.elcolmado.de\\\/wp-content\\\/uploads\\\/2020\\\/09\\\/Quieres-contratar-nuestro-servicio-de-catering-espanolDescubre-con-El-Colmado-el-mas-adecuado-para-tu-evento.jpg\",\"contentUrl\":\"https:\\\/\\\/www.elcolmado.de\\\/wp-content\\\/uploads\\\/2020\\\/09\\\/Quieres-contratar-nuestro-servicio-de-catering-espanolDescubre-con-El-Colmado-el-mas-adecuado-para-tu-evento.jpg\",\"width\":1000,\"height\":667},{\"@type\":\"BreadcrumbList\",\"@id\":\"https:\\\/\\\/www.elcolmado.de\\\/es\\\/quieres-contratar-nuestro-servicio-de-catering-espanol-descubre-con-el-colmado-el-mas-adecuado-para-tu-evento\\\/#breadcrumb\",\"itemListElement\":[{\"@type\":\"ListItem\",\"position\":1,\"name\":\"Portada\",\"item\":\"https:\\\/\\\/www.elcolmado.de\\\/es\\\/\"},{\"@type\":\"ListItem\",\"position\":2,\"name\":\"\u00bfQuieres contratar nuestro servicio de catering espa\u00f1ol? Descubre con El Colmado el m\u00e1s adecuado para tu evento\"}]},{\"@type\":\"WebSite\",\"@id\":\"https:\\\/\\\/www.elcolmado.de\\\/#website\",\"url\":\"https:\\\/\\\/www.elcolmado.de\\\/\",\"name\":\"elcolmado.de\",\"description\":\"Bar Tapas Berlin\",\"potentialAction\":[{\"@type\":\"SearchAction\",\"target\":{\"@type\":\"EntryPoint\",\"urlTemplate\":\"https:\\\/\\\/www.elcolmado.de\\\/?s={search_term_string}\"},\"query-input\":{\"@type\":\"PropertyValueSpecification\",\"valueRequired\":true,\"valueName\":\"search_term_string\"}}],\"inLanguage\":\"es\"},{\"@type\":\"Person\",\"@id\":\"https:\\\/\\\/www.elcolmado.de\\\/#\\\/schema\\\/person\\\/10a4657c35ed10b2a0dc5ccaed3a5e6b\",\"name\":\"Fernando Mart\u00edn\",\"image\":{\"@type\":\"ImageObject\",\"inLanguage\":\"es\",\"@id\":\"https:\\\/\\\/secure.gravatar.com\\\/avatar\\\/d772dd7ff38aa047368b131f5378c5c2bd76585cad96272dc5d7cddb4a556c32?s=96&d=mm&r=g\",\"url\":\"https:\\\/\\\/secure.gravatar.com\\\/avatar\\\/d772dd7ff38aa047368b131f5378c5c2bd76585cad96272dc5d7cddb4a556c32?s=96&d=mm&r=g\",\"contentUrl\":\"https:\\\/\\\/secure.gravatar.com\\\/avatar\\\/d772dd7ff38aa047368b131f5378c5c2bd76585cad96272dc5d7cddb4a556c32?s=96&d=mm&r=g\",\"caption\":\"Fernando Mart\u00edn\"},\"sameAs\":[\"http:\\\/\\\/www.osobukomedia.com\"],\"url\":\"https:\\\/\\\/www.elcolmado.de\\\/es\\\/author\\\/fernando\\\/\"}]}<\/script>\n<!-- \/ Yoast SEO plugin. -->","yoast_head_json":{"title":"\u00bfQuieres contratar nuestro servicio de catering espa\u00f1ol? Descubre con El Colmado el m\u00e1s adecuado para tu evento| El Colmado","description":"Sabemos perfectamente los diferentes inconvenientes que pueden acontecerse en el proceso de contrataci\u00f3n de un servicio de catering para un evento...","robots":{"index":"index","follow":"follow","max-snippet":"max-snippet:-1","max-image-preview":"max-image-preview:large","max-video-preview":"max-video-preview:-1"},"canonical":"https:\/\/www.elcolmado.de\/es\/quieres-contratar-nuestro-servicio-de-catering-espanol-descubre-con-el-colmado-el-mas-adecuado-para-tu-evento\/","og_locale":"es_ES","og_type":"article","og_title":"\u00bfQuieres contratar nuestro servicio de catering espa\u00f1ol? Descubre con El Colmado el m\u00e1s adecuado para tu evento| El Colmado","og_description":"Sabemos perfectamente los diferentes inconvenientes que pueden acontecerse en el proceso de contrataci\u00f3n de un servicio de catering para un evento...","og_url":"https:\/\/www.elcolmado.de\/es\/quieres-contratar-nuestro-servicio-de-catering-espanol-descubre-con-el-colmado-el-mas-adecuado-para-tu-evento\/","og_site_name":"elcolmado.de","article_published_time":"2020-09-03T15:07:14+00:00","og_image":[{"width":1000,"height":667,"url":"https:\/\/www.elcolmado.de\/wp-content\/uploads\/2020\/09\/Quieres-contratar-nuestro-servicio-de-catering-espanolDescubre-con-El-Colmado-el-mas-adecuado-para-tu-evento.jpg","type":"image\/jpeg"}],"author":"Fernando Mart\u00edn","twitter_card":"summary_large_image","twitter_misc":{"Escrito por":"Fernando Mart\u00edn","Tiempo de lectura":"4 minutos"},"schema":{"@context":"https:\/\/schema.org","@graph":[{"@type":"Article","@id":"https:\/\/www.elcolmado.de\/es\/quieres-contratar-nuestro-servicio-de-catering-espanol-descubre-con-el-colmado-el-mas-adecuado-para-tu-evento\/#article","isPartOf":{"@id":"https:\/\/www.elcolmado.de\/es\/quieres-contratar-nuestro-servicio-de-catering-espanol-descubre-con-el-colmado-el-mas-adecuado-para-tu-evento\/"},"author":{"name":"Fernando Mart\u00edn","@id":"https:\/\/www.elcolmado.de\/#\/schema\/person\/10a4657c35ed10b2a0dc5ccaed3a5e6b"},"headline":"\u00bfQuieres contratar nuestro servicio de catering espa\u00f1ol? Descubre con El Colmado el m\u00e1s adecuado para tu evento","datePublished":"2020-09-03T15:07:14+00:00","mainEntityOfPage":{"@id":"https:\/\/www.elcolmado.de\/es\/quieres-contratar-nuestro-servicio-de-catering-espanol-descubre-con-el-colmado-el-mas-adecuado-para-tu-evento\/"},"wordCount":769,"commentCount":0,"image":{"@id":"https:\/\/www.elcolmado.de\/es\/quieres-contratar-nuestro-servicio-de-catering-espanol-descubre-con-el-colmado-el-mas-adecuado-para-tu-evento\/#primaryimage"},"thumbnailUrl":"https:\/\/www.elcolmado.de\/wp-content\/uploads\/2020\/09\/Quieres-contratar-nuestro-servicio-de-catering-espanolDescubre-con-El-Colmado-el-mas-adecuado-para-tu-evento.jpg","keywords":["Bar de Tapas en Berl\u00edn","El Colmado","Restaurante Espa\u00f1ol","Servicio de Catering","Tapas Espa\u00f1olas"],"articleSection":["Servicio de Catering"],"inLanguage":"es","potentialAction":[{"@type":"CommentAction","name":"Comment","target":["https:\/\/www.elcolmado.de\/es\/quieres-contratar-nuestro-servicio-de-catering-espanol-descubre-con-el-colmado-el-mas-adecuado-para-tu-evento\/#respond"]}]},{"@type":"WebPage","@id":"https:\/\/www.elcolmado.de\/es\/quieres-contratar-nuestro-servicio-de-catering-espanol-descubre-con-el-colmado-el-mas-adecuado-para-tu-evento\/","url":"https:\/\/www.elcolmado.de\/es\/quieres-contratar-nuestro-servicio-de-catering-espanol-descubre-con-el-colmado-el-mas-adecuado-para-tu-evento\/","name":"\u00bfQuieres contratar nuestro servicio de catering espa\u00f1ol? Descubre con El Colmado el m\u00e1s adecuado para tu evento| El Colmado","isPartOf":{"@id":"https:\/\/www.elcolmado.de\/#website"},"primaryImageOfPage":{"@id":"https:\/\/www.elcolmado.de\/es\/quieres-contratar-nuestro-servicio-de-catering-espanol-descubre-con-el-colmado-el-mas-adecuado-para-tu-evento\/#primaryimage"},"image":{"@id":"https:\/\/www.elcolmado.de\/es\/quieres-contratar-nuestro-servicio-de-catering-espanol-descubre-con-el-colmado-el-mas-adecuado-para-tu-evento\/#primaryimage"},"thumbnailUrl":"https:\/\/www.elcolmado.de\/wp-content\/uploads\/2020\/09\/Quieres-contratar-nuestro-servicio-de-catering-espanolDescubre-con-El-Colmado-el-mas-adecuado-para-tu-evento.jpg","datePublished":"2020-09-03T15:07:14+00:00","author":{"@id":"https:\/\/www.elcolmado.de\/#\/schema\/person\/10a4657c35ed10b2a0dc5ccaed3a5e6b"},"description":"Sabemos perfectamente los diferentes inconvenientes que pueden acontecerse en el proceso de contrataci\u00f3n de un servicio de catering para un evento...","breadcrumb":{"@id":"https:\/\/www.elcolmado.de\/es\/quieres-contratar-nuestro-servicio-de-catering-espanol-descubre-con-el-colmado-el-mas-adecuado-para-tu-evento\/#breadcrumb"},"inLanguage":"es","potentialAction":[{"@type":"ReadAction","target":["https:\/\/www.elcolmado.de\/es\/quieres-contratar-nuestro-servicio-de-catering-espanol-descubre-con-el-colmado-el-mas-adecuado-para-tu-evento\/"]}]},{"@type":"ImageObject","inLanguage":"es","@id":"https:\/\/www.elcolmado.de\/es\/quieres-contratar-nuestro-servicio-de-catering-espanol-descubre-con-el-colmado-el-mas-adecuado-para-tu-evento\/#primaryimage","url":"https:\/\/www.elcolmado.de\/wp-content\/uploads\/2020\/09\/Quieres-contratar-nuestro-servicio-de-catering-espanolDescubre-con-El-Colmado-el-mas-adecuado-para-tu-evento.jpg","contentUrl":"https:\/\/www.elcolmado.de\/wp-content\/uploads\/2020\/09\/Quieres-contratar-nuestro-servicio-de-catering-espanolDescubre-con-El-Colmado-el-mas-adecuado-para-tu-evento.jpg","width":1000,"height":667},{"@type":"BreadcrumbList","@id":"https:\/\/www.elcolmado.de\/es\/quieres-contratar-nuestro-servicio-de-catering-espanol-descubre-con-el-colmado-el-mas-adecuado-para-tu-evento\/#breadcrumb","itemListElement":[{"@type":"ListItem","position":1,"name":"Portada","item":"https:\/\/www.elcolmado.de\/es\/"},{"@type":"ListItem","position":2,"name":"\u00bfQuieres contratar nuestro servicio de catering espa\u00f1ol? Descubre con El Colmado el m\u00e1s adecuado para tu evento"}]},{"@type":"WebSite","@id":"https:\/\/www.elcolmado.de\/#website","url":"https:\/\/www.elcolmado.de\/","name":"elcolmado.de","description":"Bar Tapas Berlin","potentialAction":[{"@type":"SearchAction","target":{"@type":"EntryPoint","urlTemplate":"https:\/\/www.elcolmado.de\/?s={search_term_string}"},"query-input":{"@type":"PropertyValueSpecification","valueRequired":true,"valueName":"search_term_string"}}],"inLanguage":"es"},{"@type":"Person","@id":"https:\/\/www.elcolmado.de\/#\/schema\/person\/10a4657c35ed10b2a0dc5ccaed3a5e6b","name":"Fernando Mart\u00edn","image":{"@type":"ImageObject","inLanguage":"es","@id":"https:\/\/secure.gravatar.com\/avatar\/d772dd7ff38aa047368b131f5378c5c2bd76585cad96272dc5d7cddb4a556c32?s=96&d=mm&r=g","url":"https:\/\/secure.gravatar.com\/avatar\/d772dd7ff38aa047368b131f5378c5c2bd76585cad96272dc5d7cddb4a556c32?s=96&d=mm&r=g","contentUrl":"https:\/\/secure.gravatar.com\/avatar\/d772dd7ff38aa047368b131f5378c5c2bd76585cad96272dc5d7cddb4a556c32?s=96&d=mm&r=g","caption":"Fernando Mart\u00edn"},"sameAs":["http:\/\/www.osobukomedia.com"],"url":"https:\/\/www.elcolmado.de\/es\/author\/fernando\/"}]}},"_links":{"self":[{"href":"https:\/\/www.elcolmado.de\/es\/wp-json\/wp\/v2\/posts\/3053","targetHints":{"allow":["GET"]}}],"collection":[{"href":"https:\/\/www.elcolmado.de\/es\/wp-json\/wp\/v2\/posts"}],"about":[{"href":"https:\/\/www.elcolmado.de\/es\/wp-json\/wp\/v2\/types\/post"}],"author":[{"embeddable":true,"href":"https:\/\/www.elcolmado.de\/es\/wp-json\/wp\/v2\/users\/2"}],"replies":[{"embeddable":true,"href":"https:\/\/www.elcolmado.de\/es\/wp-json\/wp\/v2\/comments?post=3053"}],"version-history":[{"count":1,"href":"https:\/\/www.elcolmado.de\/es\/wp-json\/wp\/v2\/posts\/3053\/revisions"}],"predecessor-version":[{"id":3057,"href":"https:\/\/www.elcolmado.de\/es\/wp-json\/wp\/v2\/posts\/3053\/revisions\/3057"}],"wp:featuredmedia":[{"embeddable":true,"href":"https:\/\/www.elcolmado.de\/es\/wp-json\/wp\/v2\/media\/3058"}],"wp:attachment":[{"href":"https:\/\/www.elcolmado.de\/es\/wp-json\/wp\/v2\/media?parent=3053"}],"wp:term":[{"taxonomy":"category","embeddable":true,"href":"https:\/\/www.elcolmado.de\/es\/wp-json\/wp\/v2\/categories?post=3053"},{"taxonomy":"post_tag","embeddable":true,"href":"https:\/\/www.elcolmado.de\/es\/wp-json\/wp\/v2\/tags?post=3053"}],"curies":[{"name":"wp","href":"https:\/\/api.w.org\/{rel}","templated":true}]}}