{"id":3488,"date":"2020-10-30T19:31:46","date_gmt":"2020-10-30T19:31:46","guid":{"rendered":"https:\/\/www.elcolmado.de\/?p=3488"},"modified":"2020-10-30T19:31:46","modified_gmt":"2020-10-30T19:31:46","slug":"adelantate-a-la-navidad-y-encarga-ya-tu-cesta-de-productos-espanoles-en-el-colmado","status":"publish","type":"post","link":"https:\/\/www.elcolmado.de\/es\/adelantate-a-la-navidad-y-encarga-ya-tu-cesta-de-productos-espanoles-en-el-colmado\/","title":{"rendered":"Adel\u00e1ntate a la navidad y encarga ya tu cesta de productos espa\u00f1oles en El Colmado"},"content":{"rendered":"<p>Ya hace apenas un mes que termin\u00f3 el verano. Parece que fue ayer cuando a\u00fan disfrut\u00e1bamos del solecito por la ma\u00f1ana, los paseos distendidos a media tarde y de la terraza de El Colmado. Pero, poco a poco, el fr\u00edo se instala en la ciudad y sus calles. Se acerca otra \u00e9poca del a\u00f1o. Cada vez queda menos para rencontrarnos con el periodo navide\u00f1o, este a\u00f1o, desgraciadamente, algo distinto.<\/p>\n<p><!--more--><\/p>\n<p>Aunque no podamos reunirnos todos los que quisi\u00e9ramos, hay que seguir buscando las sonrisas a pesar de las incomodidades que supone la situaci\u00f3n actual. Tu <a href=\"https:\/\/www.elcolmado.de\/es\/\">restaurante espa\u00f1ol en Berl\u00edn<\/a>, El Colmado, sigue abriendo sus puertas y cumpliendo todos los protocolos, para que vengas a compartir tu tiempo con la mejor compa\u00f1\u00eda saboreando deliciosos platos de la gastronom\u00eda espa\u00f1ola. Cada plato es una oportunidad para que te acerques al sabor que caracteriza cada regi\u00f3n espa\u00f1ola. Sin embargo, es hora de empezar a pensar en c\u00f3mo podemos hacer mejor el periodo invernal.<\/p>\n<p>&nbsp;<\/p>\n<h2><strong>CESTAS DE NAVIDAD DE PRODUCTOS ESPA\u00d1OLES<\/strong><\/h2>\n<p>Ya lo podemos confirmar, ya es oficial, ya est\u00e1n aqu\u00ed, \u00a1ya puedes reservar las Cestas de navidad de productos espa\u00f1oles en Berl\u00edn! Qu\u00e9 mejor regalo que repartir gastronom\u00eda de la mano del mejor restaurante espa\u00f1ol en Berl\u00edn. La apuesta por la cultura gastron\u00f3mica espa\u00f1ola por nuestra parte no es nada arriesgada, pues es conocida y valorada a nivel mundial. Por ello, la idea de ofrecer a los berlineses los platos t\u00edpicos espa\u00f1oles nos pareci\u00f3 una idea irresistible. Irresistible como cada producto gourmet espa\u00f1ol que puedes encontrarte en las cestas de navidad de productos espa\u00f1oles.<\/p>\n<p>C\u00f3mo agradecer el cari\u00f1o de esa persona cercana, de ese familiar insustituible, de esos empleados que hacen de tu empresa un negocio feliz y fruct\u00edfero. En las cestas de navidad de productos espa\u00f1oles podr\u00e1s encontrar productos gourmet importados directamente desde las regiones de Espa\u00f1a que m\u00e1s representan el verdadero origen del alimento, as\u00ed como la mayor calidad. Embutidos como chorizo, magnificas selecciones de queso espa\u00f1ol y el majestuoso jam\u00f3n serrano te esperan en una cesta llena de sabores y sorpresas. Sin olvidar, vinos espa\u00f1oles para lograr enloquecer de gusto a tu paladar.<\/p>\n<p>No esperes m\u00e1s, contacta con nosotros para hacerte con las cestas de productos espa\u00f1oles y tener el regalo perfecto para amigos y seres queridos. Desde El Colmado, esperamos tu llamada o visita para deleitarte con los mejores productos gourmet importados de la gastronom\u00eda espa\u00f1ola que puedes encontrarte.<\/p>\n<h3>SI TE HA GUSTADO ESTE POST SOBRE\u00a0 \u00abAdel\u00e1ntate a la navidad y encarga ya tu cesta de productos espa\u00f1oles en El Colmado SEGURAMENTE TE INTERESAR\u00c1\u2026<\/h3>\n<ul>\n<li class=\"entry_title\"><a title=\"Desayunos mediterr\u00e1neos: Descubre los beneficios de empezar el d\u00eda con una buena tostada de jam\u00f3n serrano\" href=\"https:\/\/www.elcolmado.de\/es\/desayunos-mediterraneos-descubre-los-beneficios-de-empezar-el-dia-con-una-buena-tostada-de-jamon-serrano\/\" target=\"_self\" rel=\"noopener noreferrer\">Desayunos mediterr\u00e1neos: Descubre los beneficios de empezar el d\u00eda con una buena tostada de jam\u00f3n serrano<\/a><\/li>\n<li class=\"entry_title\"><a title=\"\u00a1Llega el d\u00eda internacional de la paella\u2026 y eso hay que celebrarlo! Encarga el plato estrella de la gastronom\u00eda espa\u00f1ola en el Colmado\" href=\"https:\/\/www.elcolmado.de\/es\/llega-el-dia-internacional-de-la-paella-y-eso-hay-que-celebrarlo-encarga-el-plato-estrella-de-la-gastronomia-espanola-en-el-colmado\/\" target=\"_self\" rel=\"noopener noreferrer\">\u00a1Llega el d\u00eda internacional de la paella\u2026 y eso hay que celebrarlo! Encarga el plato estrella de la gastronom\u00eda espa\u00f1ola en el Colmado<\/a><\/li>\n<\/ul>\n","protected":false},"excerpt":{"rendered":"<p>Ya hace apenas un mes que termin\u00f3 el verano. Parece que fue ayer cuando a\u00fan disfrut\u00e1bamos del solecito por la ma\u00f1ana, los paseos distendidos a media tarde y de la terraza de El Colmado. Pero, poco a poco, el fr\u00edo se instala en la ciudad&#8230;<\/p>\n","protected":false},"author":2,"featured_media":3489,"comment_status":"open","ping_status":"open","sticky":false,"template":"","format":"standard","meta":{"footnotes":""},"categories":[60],"tags":[13,61,47,15],"class_list":["post-3488","post","type-post","status-publish","format-standard","has-post-thumbnail","hentry","category-cestas-de-navidad","tag-bar-de-tapas-en-berlin","tag-cestas-de-navidad","tag-el-colmado-es","tag-restaurante-espanol"],"yoast_head":"<!-- This site is optimized with the Yoast SEO plugin v27.5 - https:\/\/yoast.com\/product\/yoast-seo-wordpress\/ -->\n<title>Adel\u00e1ntate a la navidad y encarga ya tu cesta de productos espa\u00f1oles en El Colmado<\/title>\n<meta name=\"description\" content=\"Ya lo podemos confirmar, ya es oficial, ya est\u00e1n aqu\u00ed, \u00a1ya puedes reservar las Cestas de navidad de productos espa\u00f1oles en Berl\u00edn!...\" \/>\n<meta name=\"robots\" content=\"index, follow, max-snippet:-1, max-image-preview:large, max-video-preview:-1\" \/>\n<link rel=\"canonical\" href=\"https:\/\/www.elcolmado.de\/es\/adelantate-a-la-navidad-y-encarga-ya-tu-cesta-de-productos-espanoles-en-el-colmado\/\" \/>\n<meta property=\"og:locale\" content=\"es_ES\" \/>\n<meta property=\"og:type\" content=\"article\" \/>\n<meta property=\"og:title\" content=\"Adel\u00e1ntate a la navidad y encarga ya tu cesta de productos espa\u00f1oles en El Colmado\" \/>\n<meta property=\"og:description\" content=\"Ya lo podemos confirmar, ya es oficial, ya est\u00e1n aqu\u00ed, \u00a1ya puedes reservar las Cestas de navidad de productos espa\u00f1oles en Berl\u00edn!...\" \/>\n<meta property=\"og:url\" content=\"https:\/\/www.elcolmado.de\/es\/adelantate-a-la-navidad-y-encarga-ya-tu-cesta-de-productos-espanoles-en-el-colmado\/\" \/>\n<meta property=\"og:site_name\" content=\"elcolmado.de\" \/>\n<meta property=\"article:published_time\" content=\"2020-10-30T19:31:46+00:00\" \/>\n<meta property=\"og:image\" content=\"https:\/\/www.elcolmado.de\/wp-content\/uploads\/2020\/10\/Adelantate-a-la-navidad-y-encarga-ya-tu-cesta-de-productos-espanoles.jpg\" \/>\n\t<meta property=\"og:image:width\" content=\"1000\" \/>\n\t<meta property=\"og:image:height\" content=\"667\" \/>\n\t<meta property=\"og:image:type\" content=\"image\/jpeg\" \/>\n<meta name=\"author\" content=\"Fernando Mart\u00edn\" \/>\n<meta name=\"twitter:card\" content=\"summary_large_image\" \/>\n<meta name=\"twitter:label1\" content=\"Escrito por\" \/>\n\t<meta name=\"twitter:data1\" content=\"Fernando Mart\u00edn\" \/>\n\t<meta name=\"twitter:label2\" content=\"Tiempo de lectura\" \/>\n\t<meta name=\"twitter:data2\" content=\"3 minutos\" \/>\n<script type=\"application\/ld+json\" class=\"yoast-schema-graph\">{\"@context\":\"https:\\\/\\\/schema.org\",\"@graph\":[{\"@type\":\"Article\",\"@id\":\"https:\\\/\\\/www.elcolmado.de\\\/es\\\/adelantate-a-la-navidad-y-encarga-ya-tu-cesta-de-productos-espanoles-en-el-colmado\\\/#article\",\"isPartOf\":{\"@id\":\"https:\\\/\\\/www.elcolmado.de\\\/es\\\/adelantate-a-la-navidad-y-encarga-ya-tu-cesta-de-productos-espanoles-en-el-colmado\\\/\"},\"author\":{\"name\":\"Fernando Mart\u00edn\",\"@id\":\"https:\\\/\\\/www.elcolmado.de\\\/#\\\/schema\\\/person\\\/10a4657c35ed10b2a0dc5ccaed3a5e6b\"},\"headline\":\"Adel\u00e1ntate a la navidad y encarga ya tu cesta de productos espa\u00f1oles en El Colmado\",\"datePublished\":\"2020-10-30T19:31:46+00:00\",\"mainEntityOfPage\":{\"@id\":\"https:\\\/\\\/www.elcolmado.de\\\/es\\\/adelantate-a-la-navidad-y-encarga-ya-tu-cesta-de-productos-espanoles-en-el-colmado\\\/\"},\"wordCount\":532,\"commentCount\":0,\"image\":{\"@id\":\"https:\\\/\\\/www.elcolmado.de\\\/es\\\/adelantate-a-la-navidad-y-encarga-ya-tu-cesta-de-productos-espanoles-en-el-colmado\\\/#primaryimage\"},\"thumbnailUrl\":\"https:\\\/\\\/www.elcolmado.de\\\/wp-content\\\/uploads\\\/2020\\\/10\\\/Adelantate-a-la-navidad-y-encarga-ya-tu-cesta-de-productos-espanoles.jpg\",\"keywords\":[\"Bar de Tapas en Berl\u00edn\",\"Cestas de Navidad\",\"El Colmado\",\"Restaurante Espa\u00f1ol\"],\"articleSection\":[\"Cestas de Navidad\"],\"inLanguage\":\"es\",\"potentialAction\":[{\"@type\":\"CommentAction\",\"name\":\"Comment\",\"target\":[\"https:\\\/\\\/www.elcolmado.de\\\/es\\\/adelantate-a-la-navidad-y-encarga-ya-tu-cesta-de-productos-espanoles-en-el-colmado\\\/#respond\"]}]},{\"@type\":\"WebPage\",\"@id\":\"https:\\\/\\\/www.elcolmado.de\\\/es\\\/adelantate-a-la-navidad-y-encarga-ya-tu-cesta-de-productos-espanoles-en-el-colmado\\\/\",\"url\":\"https:\\\/\\\/www.elcolmado.de\\\/es\\\/adelantate-a-la-navidad-y-encarga-ya-tu-cesta-de-productos-espanoles-en-el-colmado\\\/\",\"name\":\"Adel\u00e1ntate a la navidad y encarga ya tu cesta de productos espa\u00f1oles en El Colmado\",\"isPartOf\":{\"@id\":\"https:\\\/\\\/www.elcolmado.de\\\/#website\"},\"primaryImageOfPage\":{\"@id\":\"https:\\\/\\\/www.elcolmado.de\\\/es\\\/adelantate-a-la-navidad-y-encarga-ya-tu-cesta-de-productos-espanoles-en-el-colmado\\\/#primaryimage\"},\"image\":{\"@id\":\"https:\\\/\\\/www.elcolmado.de\\\/es\\\/adelantate-a-la-navidad-y-encarga-ya-tu-cesta-de-productos-espanoles-en-el-colmado\\\/#primaryimage\"},\"thumbnailUrl\":\"https:\\\/\\\/www.elcolmado.de\\\/wp-content\\\/uploads\\\/2020\\\/10\\\/Adelantate-a-la-navidad-y-encarga-ya-tu-cesta-de-productos-espanoles.jpg\",\"datePublished\":\"2020-10-30T19:31:46+00:00\",\"author\":{\"@id\":\"https:\\\/\\\/www.elcolmado.de\\\/#\\\/schema\\\/person\\\/10a4657c35ed10b2a0dc5ccaed3a5e6b\"},\"description\":\"Ya lo podemos confirmar, ya es oficial, ya est\u00e1n aqu\u00ed, \u00a1ya puedes reservar las Cestas de navidad de productos espa\u00f1oles en Berl\u00edn!...\",\"breadcrumb\":{\"@id\":\"https:\\\/\\\/www.elcolmado.de\\\/es\\\/adelantate-a-la-navidad-y-encarga-ya-tu-cesta-de-productos-espanoles-en-el-colmado\\\/#breadcrumb\"},\"inLanguage\":\"es\",\"potentialAction\":[{\"@type\":\"ReadAction\",\"target\":[\"https:\\\/\\\/www.elcolmado.de\\\/es\\\/adelantate-a-la-navidad-y-encarga-ya-tu-cesta-de-productos-espanoles-en-el-colmado\\\/\"]}]},{\"@type\":\"ImageObject\",\"inLanguage\":\"es\",\"@id\":\"https:\\\/\\\/www.elcolmado.de\\\/es\\\/adelantate-a-la-navidad-y-encarga-ya-tu-cesta-de-productos-espanoles-en-el-colmado\\\/#primaryimage\",\"url\":\"https:\\\/\\\/www.elcolmado.de\\\/wp-content\\\/uploads\\\/2020\\\/10\\\/Adelantate-a-la-navidad-y-encarga-ya-tu-cesta-de-productos-espanoles.jpg\",\"contentUrl\":\"https:\\\/\\\/www.elcolmado.de\\\/wp-content\\\/uploads\\\/2020\\\/10\\\/Adelantate-a-la-navidad-y-encarga-ya-tu-cesta-de-productos-espanoles.jpg\",\"width\":1000,\"height\":667},{\"@type\":\"BreadcrumbList\",\"@id\":\"https:\\\/\\\/www.elcolmado.de\\\/es\\\/adelantate-a-la-navidad-y-encarga-ya-tu-cesta-de-productos-espanoles-en-el-colmado\\\/#breadcrumb\",\"itemListElement\":[{\"@type\":\"ListItem\",\"position\":1,\"name\":\"Portada\",\"item\":\"https:\\\/\\\/www.elcolmado.de\\\/es\\\/\"},{\"@type\":\"ListItem\",\"position\":2,\"name\":\"Adel\u00e1ntate a la navidad y encarga ya tu cesta de productos espa\u00f1oles en El Colmado\"}]},{\"@type\":\"WebSite\",\"@id\":\"https:\\\/\\\/www.elcolmado.de\\\/#website\",\"url\":\"https:\\\/\\\/www.elcolmado.de\\\/\",\"name\":\"elcolmado.de\",\"description\":\"Bar Tapas Berlin\",\"potentialAction\":[{\"@type\":\"SearchAction\",\"target\":{\"@type\":\"EntryPoint\",\"urlTemplate\":\"https:\\\/\\\/www.elcolmado.de\\\/?s={search_term_string}\"},\"query-input\":{\"@type\":\"PropertyValueSpecification\",\"valueRequired\":true,\"valueName\":\"search_term_string\"}}],\"inLanguage\":\"es\"},{\"@type\":\"Person\",\"@id\":\"https:\\\/\\\/www.elcolmado.de\\\/#\\\/schema\\\/person\\\/10a4657c35ed10b2a0dc5ccaed3a5e6b\",\"name\":\"Fernando Mart\u00edn\",\"image\":{\"@type\":\"ImageObject\",\"inLanguage\":\"es\",\"@id\":\"https:\\\/\\\/secure.gravatar.com\\\/avatar\\\/d772dd7ff38aa047368b131f5378c5c2bd76585cad96272dc5d7cddb4a556c32?s=96&d=mm&r=g\",\"url\":\"https:\\\/\\\/secure.gravatar.com\\\/avatar\\\/d772dd7ff38aa047368b131f5378c5c2bd76585cad96272dc5d7cddb4a556c32?s=96&d=mm&r=g\",\"contentUrl\":\"https:\\\/\\\/secure.gravatar.com\\\/avatar\\\/d772dd7ff38aa047368b131f5378c5c2bd76585cad96272dc5d7cddb4a556c32?s=96&d=mm&r=g\",\"caption\":\"Fernando Mart\u00edn\"},\"sameAs\":[\"http:\\\/\\\/www.osobukomedia.com\"],\"url\":\"https:\\\/\\\/www.elcolmado.de\\\/es\\\/author\\\/fernando\\\/\"}]}<\/script>\n<!-- \/ Yoast SEO plugin. -->","yoast_head_json":{"title":"Adel\u00e1ntate a la navidad y encarga ya tu cesta de productos espa\u00f1oles en El Colmado","description":"Ya lo podemos confirmar, ya es oficial, ya est\u00e1n aqu\u00ed, \u00a1ya puedes reservar las Cestas de navidad de productos espa\u00f1oles en Berl\u00edn!...","robots":{"index":"index","follow":"follow","max-snippet":"max-snippet:-1","max-image-preview":"max-image-preview:large","max-video-preview":"max-video-preview:-1"},"canonical":"https:\/\/www.elcolmado.de\/es\/adelantate-a-la-navidad-y-encarga-ya-tu-cesta-de-productos-espanoles-en-el-colmado\/","og_locale":"es_ES","og_type":"article","og_title":"Adel\u00e1ntate a la navidad y encarga ya tu cesta de productos espa\u00f1oles en El Colmado","og_description":"Ya lo podemos confirmar, ya es oficial, ya est\u00e1n aqu\u00ed, \u00a1ya puedes reservar las Cestas de navidad de productos espa\u00f1oles en Berl\u00edn!...","og_url":"https:\/\/www.elcolmado.de\/es\/adelantate-a-la-navidad-y-encarga-ya-tu-cesta-de-productos-espanoles-en-el-colmado\/","og_site_name":"elcolmado.de","article_published_time":"2020-10-30T19:31:46+00:00","og_image":[{"width":1000,"height":667,"url":"https:\/\/www.elcolmado.de\/wp-content\/uploads\/2020\/10\/Adelantate-a-la-navidad-y-encarga-ya-tu-cesta-de-productos-espanoles.jpg","type":"image\/jpeg"}],"author":"Fernando Mart\u00edn","twitter_card":"summary_large_image","twitter_misc":{"Escrito por":"Fernando Mart\u00edn","Tiempo de lectura":"3 minutos"},"schema":{"@context":"https:\/\/schema.org","@graph":[{"@type":"Article","@id":"https:\/\/www.elcolmado.de\/es\/adelantate-a-la-navidad-y-encarga-ya-tu-cesta-de-productos-espanoles-en-el-colmado\/#article","isPartOf":{"@id":"https:\/\/www.elcolmado.de\/es\/adelantate-a-la-navidad-y-encarga-ya-tu-cesta-de-productos-espanoles-en-el-colmado\/"},"author":{"name":"Fernando Mart\u00edn","@id":"https:\/\/www.elcolmado.de\/#\/schema\/person\/10a4657c35ed10b2a0dc5ccaed3a5e6b"},"headline":"Adel\u00e1ntate a la navidad y encarga ya tu cesta de productos espa\u00f1oles en El Colmado","datePublished":"2020-10-30T19:31:46+00:00","mainEntityOfPage":{"@id":"https:\/\/www.elcolmado.de\/es\/adelantate-a-la-navidad-y-encarga-ya-tu-cesta-de-productos-espanoles-en-el-colmado\/"},"wordCount":532,"commentCount":0,"image":{"@id":"https:\/\/www.elcolmado.de\/es\/adelantate-a-la-navidad-y-encarga-ya-tu-cesta-de-productos-espanoles-en-el-colmado\/#primaryimage"},"thumbnailUrl":"https:\/\/www.elcolmado.de\/wp-content\/uploads\/2020\/10\/Adelantate-a-la-navidad-y-encarga-ya-tu-cesta-de-productos-espanoles.jpg","keywords":["Bar de Tapas en Berl\u00edn","Cestas de Navidad","El Colmado","Restaurante Espa\u00f1ol"],"articleSection":["Cestas de Navidad"],"inLanguage":"es","potentialAction":[{"@type":"CommentAction","name":"Comment","target":["https:\/\/www.elcolmado.de\/es\/adelantate-a-la-navidad-y-encarga-ya-tu-cesta-de-productos-espanoles-en-el-colmado\/#respond"]}]},{"@type":"WebPage","@id":"https:\/\/www.elcolmado.de\/es\/adelantate-a-la-navidad-y-encarga-ya-tu-cesta-de-productos-espanoles-en-el-colmado\/","url":"https:\/\/www.elcolmado.de\/es\/adelantate-a-la-navidad-y-encarga-ya-tu-cesta-de-productos-espanoles-en-el-colmado\/","name":"Adel\u00e1ntate a la navidad y encarga ya tu cesta de productos espa\u00f1oles en El Colmado","isPartOf":{"@id":"https:\/\/www.elcolmado.de\/#website"},"primaryImageOfPage":{"@id":"https:\/\/www.elcolmado.de\/es\/adelantate-a-la-navidad-y-encarga-ya-tu-cesta-de-productos-espanoles-en-el-colmado\/#primaryimage"},"image":{"@id":"https:\/\/www.elcolmado.de\/es\/adelantate-a-la-navidad-y-encarga-ya-tu-cesta-de-productos-espanoles-en-el-colmado\/#primaryimage"},"thumbnailUrl":"https:\/\/www.elcolmado.de\/wp-content\/uploads\/2020\/10\/Adelantate-a-la-navidad-y-encarga-ya-tu-cesta-de-productos-espanoles.jpg","datePublished":"2020-10-30T19:31:46+00:00","author":{"@id":"https:\/\/www.elcolmado.de\/#\/schema\/person\/10a4657c35ed10b2a0dc5ccaed3a5e6b"},"description":"Ya lo podemos confirmar, ya es oficial, ya est\u00e1n aqu\u00ed, \u00a1ya puedes reservar las Cestas de navidad de productos espa\u00f1oles en Berl\u00edn!...","breadcrumb":{"@id":"https:\/\/www.elcolmado.de\/es\/adelantate-a-la-navidad-y-encarga-ya-tu-cesta-de-productos-espanoles-en-el-colmado\/#breadcrumb"},"inLanguage":"es","potentialAction":[{"@type":"ReadAction","target":["https:\/\/www.elcolmado.de\/es\/adelantate-a-la-navidad-y-encarga-ya-tu-cesta-de-productos-espanoles-en-el-colmado\/"]}]},{"@type":"ImageObject","inLanguage":"es","@id":"https:\/\/www.elcolmado.de\/es\/adelantate-a-la-navidad-y-encarga-ya-tu-cesta-de-productos-espanoles-en-el-colmado\/#primaryimage","url":"https:\/\/www.elcolmado.de\/wp-content\/uploads\/2020\/10\/Adelantate-a-la-navidad-y-encarga-ya-tu-cesta-de-productos-espanoles.jpg","contentUrl":"https:\/\/www.elcolmado.de\/wp-content\/uploads\/2020\/10\/Adelantate-a-la-navidad-y-encarga-ya-tu-cesta-de-productos-espanoles.jpg","width":1000,"height":667},{"@type":"BreadcrumbList","@id":"https:\/\/www.elcolmado.de\/es\/adelantate-a-la-navidad-y-encarga-ya-tu-cesta-de-productos-espanoles-en-el-colmado\/#breadcrumb","itemListElement":[{"@type":"ListItem","position":1,"name":"Portada","item":"https:\/\/www.elcolmado.de\/es\/"},{"@type":"ListItem","position":2,"name":"Adel\u00e1ntate a la navidad y encarga ya tu cesta de productos espa\u00f1oles en El Colmado"}]},{"@type":"WebSite","@id":"https:\/\/www.elcolmado.de\/#website","url":"https:\/\/www.elcolmado.de\/","name":"elcolmado.de","description":"Bar Tapas Berlin","potentialAction":[{"@type":"SearchAction","target":{"@type":"EntryPoint","urlTemplate":"https:\/\/www.elcolmado.de\/?s={search_term_string}"},"query-input":{"@type":"PropertyValueSpecification","valueRequired":true,"valueName":"search_term_string"}}],"inLanguage":"es"},{"@type":"Person","@id":"https:\/\/www.elcolmado.de\/#\/schema\/person\/10a4657c35ed10b2a0dc5ccaed3a5e6b","name":"Fernando Mart\u00edn","image":{"@type":"ImageObject","inLanguage":"es","@id":"https:\/\/secure.gravatar.com\/avatar\/d772dd7ff38aa047368b131f5378c5c2bd76585cad96272dc5d7cddb4a556c32?s=96&d=mm&r=g","url":"https:\/\/secure.gravatar.com\/avatar\/d772dd7ff38aa047368b131f5378c5c2bd76585cad96272dc5d7cddb4a556c32?s=96&d=mm&r=g","contentUrl":"https:\/\/secure.gravatar.com\/avatar\/d772dd7ff38aa047368b131f5378c5c2bd76585cad96272dc5d7cddb4a556c32?s=96&d=mm&r=g","caption":"Fernando Mart\u00edn"},"sameAs":["http:\/\/www.osobukomedia.com"],"url":"https:\/\/www.elcolmado.de\/es\/author\/fernando\/"}]}},"_links":{"self":[{"href":"https:\/\/www.elcolmado.de\/es\/wp-json\/wp\/v2\/posts\/3488","targetHints":{"allow":["GET"]}}],"collection":[{"href":"https:\/\/www.elcolmado.de\/es\/wp-json\/wp\/v2\/posts"}],"about":[{"href":"https:\/\/www.elcolmado.de\/es\/wp-json\/wp\/v2\/types\/post"}],"author":[{"embeddable":true,"href":"https:\/\/www.elcolmado.de\/es\/wp-json\/wp\/v2\/users\/2"}],"replies":[{"embeddable":true,"href":"https:\/\/www.elcolmado.de\/es\/wp-json\/wp\/v2\/comments?post=3488"}],"version-history":[{"count":3,"href":"https:\/\/www.elcolmado.de\/es\/wp-json\/wp\/v2\/posts\/3488\/revisions"}],"predecessor-version":[{"id":3494,"href":"https:\/\/www.elcolmado.de\/es\/wp-json\/wp\/v2\/posts\/3488\/revisions\/3494"}],"wp:featuredmedia":[{"embeddable":true,"href":"https:\/\/www.elcolmado.de\/es\/wp-json\/wp\/v2\/media\/3489"}],"wp:attachment":[{"href":"https:\/\/www.elcolmado.de\/es\/wp-json\/wp\/v2\/media?parent=3488"}],"wp:term":[{"taxonomy":"category","embeddable":true,"href":"https:\/\/www.elcolmado.de\/es\/wp-json\/wp\/v2\/categories?post=3488"},{"taxonomy":"post_tag","embeddable":true,"href":"https:\/\/www.elcolmado.de\/es\/wp-json\/wp\/v2\/tags?post=3488"}],"curies":[{"name":"wp","href":"https:\/\/api.w.org\/{rel}","templated":true}]}}