{"id":3535,"date":"2020-11-04T17:06:56","date_gmt":"2020-11-04T17:06:56","guid":{"rendered":"https:\/\/www.elcolmado.de\/?p=3535"},"modified":"2020-11-04T17:06:56","modified_gmt":"2020-11-04T17:06:56","slug":"este-otono-combate-el-frio-de-berlin-tomando-chocolate-con-churros-en-el-colmado","status":"publish","type":"post","link":"https:\/\/www.elcolmado.de\/es\/este-otono-combate-el-frio-de-berlin-tomando-chocolate-con-churros-en-el-colmado\/","title":{"rendered":"Este oto\u00f1o combate el fr\u00edo de Berl\u00edn, tomando chocolate con churros en El Colmado"},"content":{"rendered":"<p>Desde nuestros inicios, en El Colmado, estamos orgullosos de los objetivos que persigue proponer un <a href=\"https:\/\/www.elcolmado.de\/es\/\"><strong>restaurante Espa\u00f1ol en Berl\u00edn<\/strong><\/a>; el primero es nuestra vocaci\u00f3n humanitaria y el segundo es dar a conocer los mejores productos de la gastronom\u00eda espa\u00f1ola.<\/p>\n<p>Respecto al primero, somos conscientes del hambre que padecen millones de personas cada a\u00f1o. En nuestro <strong>restaurante espa\u00f1ol en Berl\u00edn, <\/strong>gracias a la colaboraci\u00f3n con la ONG Mary\u2019s Meals, por cada plato o consumo de nuestro men\u00fa o la compra de nuestros incre\u00edbles productos gourmets, alimentas a cuatro ni\u00f1os que no tienen acceso a la alimentaci\u00f3n diaria. Un lema que conocemos como comida por comida: un plato que no solo te alimenta sino que tambi\u00e9n consigues nutrir a quien m\u00e1s lo necesita.<\/p>\n<p>En referencia al segundo objetivo, en nuestra apuesta por la gastronom\u00eda espa\u00f1ola jugamos con ventaja. La cultura gastron\u00f3mica espa\u00f1ola tiene un largo recorrido hist\u00f3rico y es tan conocida como valorada a nivel mundial. Que las calles de Berl\u00edn conozcan el tapeo, as\u00ed como platos de rincones especiales como el pimiento del padr\u00f3n o el mojo pic\u00f3n es un acto meritorio, pero tambi\u00e9n esconde algo de rom\u00e1ntico.<\/p>\n<p>En ese sentido, esta entrada nos conduce a que conozc\u00e1is un alimento para desayunar que ayuda a combatir el fr\u00edo berlin\u00e9s, as\u00ed como saciar ese apetito tan caracter\u00edstico de buena ma\u00f1ana.<\/p>\n<p>&nbsp;<\/p>\n<h2>CHOCOLATE CON CHURROS PARA VENCER EL FR\u00cdO DE BERL\u00cdN<\/h2>\n<p>El <strong>chocolate con churros <\/strong>es uno de los platos de desayuno m\u00e1s t\u00edpicos que podemos encontrar dentro de la maravillosa gastronom\u00eda espa\u00f1ola. De hecho, tambi\u00e9n es ampliamente conocido y elaborado en pa\u00edses hispanoamericanos como Argentina, Chile o Uruguay desde hace m\u00e1s de un siglo. Es un plato que habitualmente se toma a horas tempranas, aunque tambi\u00e9n se puede consumir para merendar, para combatir el fr\u00edo. El invierno, que cada vez est\u00e1 m\u00e1s cerca, es la \u00e9poca del a\u00f1o propicia para adentrarte a probar este sabroso y exquisito desayuno con el que saciar tu paladar y convivir con el fresco clima tan propio de nuestra querida capital alemana.<\/p>\n<p>En los <strong>churros con chocolate <\/strong>podemos encontrar una mezcla de sensaciones: el dulce sabor del chocolate caliente confront\u00e1ndose con ese aroma que respira el aceitoso, salado y crujiente churro. Ciertamente, aunque tambi\u00e9n pueda tomarse con caf\u00e9, el chocolate es una pieza especial de este plato, siendo la pieza protagonista que provoca que el churro adquiera m\u00e1s sabor y textura.<\/p>\n<p>Si quieres probar este magnifico desayuno, te invitamos a El Colmado para que puedas descubrir de primera boca el <strong>chocolate con churros <\/strong>tan propio de la gastronom\u00eda espa\u00f1ola.<\/p>\n<p>&nbsp;<\/p>\n<h3>SI TE HA GUSTADO ESTE POST SOBRE\u00a0 \u00abEste oto\u00f1o combate el fr\u00edo de Berl\u00edn, tomando chocolate con churros en El Colmado\u00bb SEGURAMENTE TE INTERESAR\u00c1\u2026<\/h3>\n<ul>\n<li class=\"entry_title\"><a title=\"Adel\u00e1ntate a la navidad y encarga ya tu cesta de productos espa\u00f1oles en El Colmado\" href=\"https:\/\/www.elcolmado.de\/es\/adelantate-a-la-navidad-y-encarga-ya-tu-cesta-de-productos-espanoles-en-el-colmado\/\" target=\"_self\" rel=\"noopener noreferrer\">Adel\u00e1ntate a la navidad y encarga ya tu cesta de productos espa\u00f1oles en El Colmado<\/a><\/li>\n<li class=\"entry_title\"><a title=\"Desayunos mediterr\u00e1neos: Descubre los beneficios de empezar el d\u00eda con una buena tostada de jam\u00f3n serrano\" href=\"https:\/\/www.elcolmado.de\/es\/desayunos-mediterraneos-descubre-los-beneficios-de-empezar-el-dia-con-una-buena-tostada-de-jamon-serrano\/\" target=\"_self\" rel=\"noopener noreferrer\">Desayunos mediterr\u00e1neos: Descubre los beneficios de empezar el d\u00eda con una buena tostada de jam\u00f3n serrano<\/a><\/li>\n<\/ul>\n<p>&nbsp;<\/p>\n","protected":false},"excerpt":{"rendered":"<p>Desde nuestros inicios, en El Colmado, estamos orgullosos de los objetivos que persigue proponer un restaurante Espa\u00f1ol en Berl\u00edn; el primero es nuestra vocaci\u00f3n humanitaria y el segundo es dar a conocer los mejores productos de la gastronom\u00eda espa\u00f1ola. Respecto al primero, somos conscientes del&#8230;<\/p>\n","protected":false},"author":2,"featured_media":3537,"comment_status":"open","ping_status":"open","sticky":false,"template":"","format":"standard","meta":{"footnotes":""},"categories":[144],"tags":[145,47,15],"class_list":["post-3535","post","type-post","status-publish","format-standard","has-post-thumbnail","hentry","category-chocolate-con-churros","tag-chocolate-con-churros","tag-el-colmado-es","tag-restaurante-espanol"],"yoast_head":"<!-- This site is optimized with the Yoast SEO plugin v27.4 - https:\/\/yoast.com\/product\/yoast-seo-wordpress\/ -->\n<title>Este oto\u00f1o combate el fr\u00edo de Berl\u00edn, tomando chocolate con churros en El Colmado<\/title>\n<meta name=\"description\" content=\"El chocolate con churros es uno de los platos de desayuno m\u00e1s t\u00edpicos que podemos encontrar dentro de la maravillosa gastronom\u00eda espa\u00f1ola...\" \/>\n<meta name=\"robots\" content=\"index, follow, max-snippet:-1, max-image-preview:large, max-video-preview:-1\" \/>\n<link rel=\"canonical\" href=\"https:\/\/www.elcolmado.de\/es\/este-otono-combate-el-frio-de-berlin-tomando-chocolate-con-churros-en-el-colmado\/\" \/>\n<meta property=\"og:locale\" content=\"es_ES\" \/>\n<meta property=\"og:type\" content=\"article\" \/>\n<meta property=\"og:title\" content=\"Este oto\u00f1o combate el fr\u00edo de Berl\u00edn, tomando chocolate con churros en El Colmado\" \/>\n<meta property=\"og:description\" content=\"El chocolate con churros es uno de los platos de desayuno m\u00e1s t\u00edpicos que podemos encontrar dentro de la maravillosa gastronom\u00eda espa\u00f1ola...\" \/>\n<meta property=\"og:url\" content=\"https:\/\/www.elcolmado.de\/es\/este-otono-combate-el-frio-de-berlin-tomando-chocolate-con-churros-en-el-colmado\/\" \/>\n<meta property=\"og:site_name\" content=\"elcolmado.de\" \/>\n<meta property=\"article:published_time\" content=\"2020-11-04T17:06:56+00:00\" \/>\n<meta property=\"og:image\" content=\"https:\/\/www.elcolmado.de\/wp-content\/uploads\/2020\/11\/Este-otono-combate-el-frio-de-Berlin-tomando-chocolate-con-churros-en-El-Colmado.jpg\" \/>\n\t<meta property=\"og:image:width\" content=\"1000\" \/>\n\t<meta property=\"og:image:height\" content=\"668\" \/>\n\t<meta property=\"og:image:type\" content=\"image\/jpeg\" \/>\n<meta name=\"author\" content=\"Fernando Mart\u00edn\" \/>\n<meta name=\"twitter:card\" content=\"summary_large_image\" \/>\n<meta name=\"twitter:label1\" content=\"Escrito por\" \/>\n\t<meta name=\"twitter:data1\" content=\"Fernando Mart\u00edn\" \/>\n\t<meta name=\"twitter:label2\" content=\"Tiempo de lectura\" \/>\n\t<meta name=\"twitter:data2\" content=\"3 minutos\" \/>\n<script type=\"application\/ld+json\" class=\"yoast-schema-graph\">{\"@context\":\"https:\\\/\\\/schema.org\",\"@graph\":[{\"@type\":\"Article\",\"@id\":\"https:\\\/\\\/www.elcolmado.de\\\/es\\\/este-otono-combate-el-frio-de-berlin-tomando-chocolate-con-churros-en-el-colmado\\\/#article\",\"isPartOf\":{\"@id\":\"https:\\\/\\\/www.elcolmado.de\\\/es\\\/este-otono-combate-el-frio-de-berlin-tomando-chocolate-con-churros-en-el-colmado\\\/\"},\"author\":{\"name\":\"Fernando Mart\u00edn\",\"@id\":\"https:\\\/\\\/www.elcolmado.de\\\/#\\\/schema\\\/person\\\/10a4657c35ed10b2a0dc5ccaed3a5e6b\"},\"headline\":\"Este oto\u00f1o combate el fr\u00edo de Berl\u00edn, tomando chocolate con churros en El Colmado\",\"datePublished\":\"2020-11-04T17:06:56+00:00\",\"mainEntityOfPage\":{\"@id\":\"https:\\\/\\\/www.elcolmado.de\\\/es\\\/este-otono-combate-el-frio-de-berlin-tomando-chocolate-con-churros-en-el-colmado\\\/\"},\"wordCount\":552,\"commentCount\":0,\"image\":{\"@id\":\"https:\\\/\\\/www.elcolmado.de\\\/es\\\/este-otono-combate-el-frio-de-berlin-tomando-chocolate-con-churros-en-el-colmado\\\/#primaryimage\"},\"thumbnailUrl\":\"https:\\\/\\\/www.elcolmado.de\\\/wp-content\\\/uploads\\\/2020\\\/11\\\/Este-otono-combate-el-frio-de-Berlin-tomando-chocolate-con-churros-en-El-Colmado.jpg\",\"keywords\":[\"Chocolate con churros\",\"El Colmado\",\"Restaurante Espa\u00f1ol\"],\"articleSection\":[\"Chocolate con churros\"],\"inLanguage\":\"es\",\"potentialAction\":[{\"@type\":\"CommentAction\",\"name\":\"Comment\",\"target\":[\"https:\\\/\\\/www.elcolmado.de\\\/es\\\/este-otono-combate-el-frio-de-berlin-tomando-chocolate-con-churros-en-el-colmado\\\/#respond\"]}]},{\"@type\":\"WebPage\",\"@id\":\"https:\\\/\\\/www.elcolmado.de\\\/es\\\/este-otono-combate-el-frio-de-berlin-tomando-chocolate-con-churros-en-el-colmado\\\/\",\"url\":\"https:\\\/\\\/www.elcolmado.de\\\/es\\\/este-otono-combate-el-frio-de-berlin-tomando-chocolate-con-churros-en-el-colmado\\\/\",\"name\":\"Este oto\u00f1o combate el fr\u00edo de Berl\u00edn, tomando chocolate con churros en El Colmado\",\"isPartOf\":{\"@id\":\"https:\\\/\\\/www.elcolmado.de\\\/#website\"},\"primaryImageOfPage\":{\"@id\":\"https:\\\/\\\/www.elcolmado.de\\\/es\\\/este-otono-combate-el-frio-de-berlin-tomando-chocolate-con-churros-en-el-colmado\\\/#primaryimage\"},\"image\":{\"@id\":\"https:\\\/\\\/www.elcolmado.de\\\/es\\\/este-otono-combate-el-frio-de-berlin-tomando-chocolate-con-churros-en-el-colmado\\\/#primaryimage\"},\"thumbnailUrl\":\"https:\\\/\\\/www.elcolmado.de\\\/wp-content\\\/uploads\\\/2020\\\/11\\\/Este-otono-combate-el-frio-de-Berlin-tomando-chocolate-con-churros-en-El-Colmado.jpg\",\"datePublished\":\"2020-11-04T17:06:56+00:00\",\"author\":{\"@id\":\"https:\\\/\\\/www.elcolmado.de\\\/#\\\/schema\\\/person\\\/10a4657c35ed10b2a0dc5ccaed3a5e6b\"},\"description\":\"El chocolate con churros es uno de los platos de desayuno m\u00e1s t\u00edpicos que podemos encontrar dentro de la maravillosa gastronom\u00eda espa\u00f1ola...\",\"breadcrumb\":{\"@id\":\"https:\\\/\\\/www.elcolmado.de\\\/es\\\/este-otono-combate-el-frio-de-berlin-tomando-chocolate-con-churros-en-el-colmado\\\/#breadcrumb\"},\"inLanguage\":\"es\",\"potentialAction\":[{\"@type\":\"ReadAction\",\"target\":[\"https:\\\/\\\/www.elcolmado.de\\\/es\\\/este-otono-combate-el-frio-de-berlin-tomando-chocolate-con-churros-en-el-colmado\\\/\"]}]},{\"@type\":\"ImageObject\",\"inLanguage\":\"es\",\"@id\":\"https:\\\/\\\/www.elcolmado.de\\\/es\\\/este-otono-combate-el-frio-de-berlin-tomando-chocolate-con-churros-en-el-colmado\\\/#primaryimage\",\"url\":\"https:\\\/\\\/www.elcolmado.de\\\/wp-content\\\/uploads\\\/2020\\\/11\\\/Este-otono-combate-el-frio-de-Berlin-tomando-chocolate-con-churros-en-El-Colmado.jpg\",\"contentUrl\":\"https:\\\/\\\/www.elcolmado.de\\\/wp-content\\\/uploads\\\/2020\\\/11\\\/Este-otono-combate-el-frio-de-Berlin-tomando-chocolate-con-churros-en-El-Colmado.jpg\",\"width\":1000,\"height\":668},{\"@type\":\"BreadcrumbList\",\"@id\":\"https:\\\/\\\/www.elcolmado.de\\\/es\\\/este-otono-combate-el-frio-de-berlin-tomando-chocolate-con-churros-en-el-colmado\\\/#breadcrumb\",\"itemListElement\":[{\"@type\":\"ListItem\",\"position\":1,\"name\":\"Portada\",\"item\":\"https:\\\/\\\/www.elcolmado.de\\\/es\\\/\"},{\"@type\":\"ListItem\",\"position\":2,\"name\":\"Este oto\u00f1o combate el fr\u00edo de Berl\u00edn, tomando chocolate con churros en El Colmado\"}]},{\"@type\":\"WebSite\",\"@id\":\"https:\\\/\\\/www.elcolmado.de\\\/#website\",\"url\":\"https:\\\/\\\/www.elcolmado.de\\\/\",\"name\":\"elcolmado.de\",\"description\":\"Bar Tapas Berlin\",\"potentialAction\":[{\"@type\":\"SearchAction\",\"target\":{\"@type\":\"EntryPoint\",\"urlTemplate\":\"https:\\\/\\\/www.elcolmado.de\\\/?s={search_term_string}\"},\"query-input\":{\"@type\":\"PropertyValueSpecification\",\"valueRequired\":true,\"valueName\":\"search_term_string\"}}],\"inLanguage\":\"es\"},{\"@type\":\"Person\",\"@id\":\"https:\\\/\\\/www.elcolmado.de\\\/#\\\/schema\\\/person\\\/10a4657c35ed10b2a0dc5ccaed3a5e6b\",\"name\":\"Fernando Mart\u00edn\",\"image\":{\"@type\":\"ImageObject\",\"inLanguage\":\"es\",\"@id\":\"https:\\\/\\\/secure.gravatar.com\\\/avatar\\\/d772dd7ff38aa047368b131f5378c5c2bd76585cad96272dc5d7cddb4a556c32?s=96&d=mm&r=g\",\"url\":\"https:\\\/\\\/secure.gravatar.com\\\/avatar\\\/d772dd7ff38aa047368b131f5378c5c2bd76585cad96272dc5d7cddb4a556c32?s=96&d=mm&r=g\",\"contentUrl\":\"https:\\\/\\\/secure.gravatar.com\\\/avatar\\\/d772dd7ff38aa047368b131f5378c5c2bd76585cad96272dc5d7cddb4a556c32?s=96&d=mm&r=g\",\"caption\":\"Fernando Mart\u00edn\"},\"sameAs\":[\"http:\\\/\\\/www.osobukomedia.com\"],\"url\":\"https:\\\/\\\/www.elcolmado.de\\\/es\\\/author\\\/fernando\\\/\"}]}<\/script>\n<!-- \/ Yoast SEO plugin. -->","yoast_head_json":{"title":"Este oto\u00f1o combate el fr\u00edo de Berl\u00edn, tomando chocolate con churros en El Colmado","description":"El chocolate con churros es uno de los platos de desayuno m\u00e1s t\u00edpicos que podemos encontrar dentro de la maravillosa gastronom\u00eda espa\u00f1ola...","robots":{"index":"index","follow":"follow","max-snippet":"max-snippet:-1","max-image-preview":"max-image-preview:large","max-video-preview":"max-video-preview:-1"},"canonical":"https:\/\/www.elcolmado.de\/es\/este-otono-combate-el-frio-de-berlin-tomando-chocolate-con-churros-en-el-colmado\/","og_locale":"es_ES","og_type":"article","og_title":"Este oto\u00f1o combate el fr\u00edo de Berl\u00edn, tomando chocolate con churros en El Colmado","og_description":"El chocolate con churros es uno de los platos de desayuno m\u00e1s t\u00edpicos que podemos encontrar dentro de la maravillosa gastronom\u00eda espa\u00f1ola...","og_url":"https:\/\/www.elcolmado.de\/es\/este-otono-combate-el-frio-de-berlin-tomando-chocolate-con-churros-en-el-colmado\/","og_site_name":"elcolmado.de","article_published_time":"2020-11-04T17:06:56+00:00","og_image":[{"width":1000,"height":668,"url":"https:\/\/www.elcolmado.de\/wp-content\/uploads\/2020\/11\/Este-otono-combate-el-frio-de-Berlin-tomando-chocolate-con-churros-en-El-Colmado.jpg","type":"image\/jpeg"}],"author":"Fernando Mart\u00edn","twitter_card":"summary_large_image","twitter_misc":{"Escrito por":"Fernando Mart\u00edn","Tiempo de lectura":"3 minutos"},"schema":{"@context":"https:\/\/schema.org","@graph":[{"@type":"Article","@id":"https:\/\/www.elcolmado.de\/es\/este-otono-combate-el-frio-de-berlin-tomando-chocolate-con-churros-en-el-colmado\/#article","isPartOf":{"@id":"https:\/\/www.elcolmado.de\/es\/este-otono-combate-el-frio-de-berlin-tomando-chocolate-con-churros-en-el-colmado\/"},"author":{"name":"Fernando Mart\u00edn","@id":"https:\/\/www.elcolmado.de\/#\/schema\/person\/10a4657c35ed10b2a0dc5ccaed3a5e6b"},"headline":"Este oto\u00f1o combate el fr\u00edo de Berl\u00edn, tomando chocolate con churros en El Colmado","datePublished":"2020-11-04T17:06:56+00:00","mainEntityOfPage":{"@id":"https:\/\/www.elcolmado.de\/es\/este-otono-combate-el-frio-de-berlin-tomando-chocolate-con-churros-en-el-colmado\/"},"wordCount":552,"commentCount":0,"image":{"@id":"https:\/\/www.elcolmado.de\/es\/este-otono-combate-el-frio-de-berlin-tomando-chocolate-con-churros-en-el-colmado\/#primaryimage"},"thumbnailUrl":"https:\/\/www.elcolmado.de\/wp-content\/uploads\/2020\/11\/Este-otono-combate-el-frio-de-Berlin-tomando-chocolate-con-churros-en-El-Colmado.jpg","keywords":["Chocolate con churros","El Colmado","Restaurante Espa\u00f1ol"],"articleSection":["Chocolate con churros"],"inLanguage":"es","potentialAction":[{"@type":"CommentAction","name":"Comment","target":["https:\/\/www.elcolmado.de\/es\/este-otono-combate-el-frio-de-berlin-tomando-chocolate-con-churros-en-el-colmado\/#respond"]}]},{"@type":"WebPage","@id":"https:\/\/www.elcolmado.de\/es\/este-otono-combate-el-frio-de-berlin-tomando-chocolate-con-churros-en-el-colmado\/","url":"https:\/\/www.elcolmado.de\/es\/este-otono-combate-el-frio-de-berlin-tomando-chocolate-con-churros-en-el-colmado\/","name":"Este oto\u00f1o combate el fr\u00edo de Berl\u00edn, tomando chocolate con churros en El Colmado","isPartOf":{"@id":"https:\/\/www.elcolmado.de\/#website"},"primaryImageOfPage":{"@id":"https:\/\/www.elcolmado.de\/es\/este-otono-combate-el-frio-de-berlin-tomando-chocolate-con-churros-en-el-colmado\/#primaryimage"},"image":{"@id":"https:\/\/www.elcolmado.de\/es\/este-otono-combate-el-frio-de-berlin-tomando-chocolate-con-churros-en-el-colmado\/#primaryimage"},"thumbnailUrl":"https:\/\/www.elcolmado.de\/wp-content\/uploads\/2020\/11\/Este-otono-combate-el-frio-de-Berlin-tomando-chocolate-con-churros-en-El-Colmado.jpg","datePublished":"2020-11-04T17:06:56+00:00","author":{"@id":"https:\/\/www.elcolmado.de\/#\/schema\/person\/10a4657c35ed10b2a0dc5ccaed3a5e6b"},"description":"El chocolate con churros es uno de los platos de desayuno m\u00e1s t\u00edpicos que podemos encontrar dentro de la maravillosa gastronom\u00eda espa\u00f1ola...","breadcrumb":{"@id":"https:\/\/www.elcolmado.de\/es\/este-otono-combate-el-frio-de-berlin-tomando-chocolate-con-churros-en-el-colmado\/#breadcrumb"},"inLanguage":"es","potentialAction":[{"@type":"ReadAction","target":["https:\/\/www.elcolmado.de\/es\/este-otono-combate-el-frio-de-berlin-tomando-chocolate-con-churros-en-el-colmado\/"]}]},{"@type":"ImageObject","inLanguage":"es","@id":"https:\/\/www.elcolmado.de\/es\/este-otono-combate-el-frio-de-berlin-tomando-chocolate-con-churros-en-el-colmado\/#primaryimage","url":"https:\/\/www.elcolmado.de\/wp-content\/uploads\/2020\/11\/Este-otono-combate-el-frio-de-Berlin-tomando-chocolate-con-churros-en-El-Colmado.jpg","contentUrl":"https:\/\/www.elcolmado.de\/wp-content\/uploads\/2020\/11\/Este-otono-combate-el-frio-de-Berlin-tomando-chocolate-con-churros-en-El-Colmado.jpg","width":1000,"height":668},{"@type":"BreadcrumbList","@id":"https:\/\/www.elcolmado.de\/es\/este-otono-combate-el-frio-de-berlin-tomando-chocolate-con-churros-en-el-colmado\/#breadcrumb","itemListElement":[{"@type":"ListItem","position":1,"name":"Portada","item":"https:\/\/www.elcolmado.de\/es\/"},{"@type":"ListItem","position":2,"name":"Este oto\u00f1o combate el fr\u00edo de Berl\u00edn, tomando chocolate con churros en El Colmado"}]},{"@type":"WebSite","@id":"https:\/\/www.elcolmado.de\/#website","url":"https:\/\/www.elcolmado.de\/","name":"elcolmado.de","description":"Bar Tapas Berlin","potentialAction":[{"@type":"SearchAction","target":{"@type":"EntryPoint","urlTemplate":"https:\/\/www.elcolmado.de\/?s={search_term_string}"},"query-input":{"@type":"PropertyValueSpecification","valueRequired":true,"valueName":"search_term_string"}}],"inLanguage":"es"},{"@type":"Person","@id":"https:\/\/www.elcolmado.de\/#\/schema\/person\/10a4657c35ed10b2a0dc5ccaed3a5e6b","name":"Fernando Mart\u00edn","image":{"@type":"ImageObject","inLanguage":"es","@id":"https:\/\/secure.gravatar.com\/avatar\/d772dd7ff38aa047368b131f5378c5c2bd76585cad96272dc5d7cddb4a556c32?s=96&d=mm&r=g","url":"https:\/\/secure.gravatar.com\/avatar\/d772dd7ff38aa047368b131f5378c5c2bd76585cad96272dc5d7cddb4a556c32?s=96&d=mm&r=g","contentUrl":"https:\/\/secure.gravatar.com\/avatar\/d772dd7ff38aa047368b131f5378c5c2bd76585cad96272dc5d7cddb4a556c32?s=96&d=mm&r=g","caption":"Fernando Mart\u00edn"},"sameAs":["http:\/\/www.osobukomedia.com"],"url":"https:\/\/www.elcolmado.de\/es\/author\/fernando\/"}]}},"_links":{"self":[{"href":"https:\/\/www.elcolmado.de\/es\/wp-json\/wp\/v2\/posts\/3535","targetHints":{"allow":["GET"]}}],"collection":[{"href":"https:\/\/www.elcolmado.de\/es\/wp-json\/wp\/v2\/posts"}],"about":[{"href":"https:\/\/www.elcolmado.de\/es\/wp-json\/wp\/v2\/types\/post"}],"author":[{"embeddable":true,"href":"https:\/\/www.elcolmado.de\/es\/wp-json\/wp\/v2\/users\/2"}],"replies":[{"embeddable":true,"href":"https:\/\/www.elcolmado.de\/es\/wp-json\/wp\/v2\/comments?post=3535"}],"version-history":[{"count":1,"href":"https:\/\/www.elcolmado.de\/es\/wp-json\/wp\/v2\/posts\/3535\/revisions"}],"predecessor-version":[{"id":3540,"href":"https:\/\/www.elcolmado.de\/es\/wp-json\/wp\/v2\/posts\/3535\/revisions\/3540"}],"wp:featuredmedia":[{"embeddable":true,"href":"https:\/\/www.elcolmado.de\/es\/wp-json\/wp\/v2\/media\/3537"}],"wp:attachment":[{"href":"https:\/\/www.elcolmado.de\/es\/wp-json\/wp\/v2\/media?parent=3535"}],"wp:term":[{"taxonomy":"category","embeddable":true,"href":"https:\/\/www.elcolmado.de\/es\/wp-json\/wp\/v2\/categories?post=3535"},{"taxonomy":"post_tag","embeddable":true,"href":"https:\/\/www.elcolmado.de\/es\/wp-json\/wp\/v2\/tags?post=3535"}],"curies":[{"name":"wp","href":"https:\/\/api.w.org\/{rel}","templated":true}]}}